{"id":100721,"date":"2026-09-04T14:18:34","date_gmt":"2026-09-04T19:18:34","guid":{"rendered":"https:\/\/knightcenter.utexas.edu\/?p=100721"},"modified":"2026-09-04T14:28:13","modified_gmt":"2026-09-04T19:28:13","slug":"carmen-aristegui-referente-del-periodismo-en-mexico-encabezara-el-coloquio-iberoamericano","status":"publish","type":"post","link":"https:\/\/knightcenter.utexas.edu\/es\/carmen-aristegui-referente-del-periodismo-en-mexico-encabezara-el-coloquio-iberoamericano\/","title":{"rendered":"Carmen Aristegui, referente del periodismo en M\u00e9xico, encabezar\u00e1 el Coloquio Iberoamericano"},"content":{"rendered":"<p><img loading=\"lazy\" decoding=\"async\" class=\"size-medium wp-image-100719 alignleft\" src=\"https:\/\/knightcenter.utexas.edu\/wp-content\/uploads\/2026\/09\/Carmen-Aristegui-300x300.png\" alt=\"Carmen Aristegui\" width=\"300\" height=\"300\" srcset=\"https:\/\/knightcenter.utexas.edu\/wp-content\/uploads\/2026\/09\/Carmen-Aristegui-300x300.png 300w, https:\/\/knightcenter.utexas.edu\/wp-content\/uploads\/2026\/09\/Carmen-Aristegui-150x150.png 150w, https:\/\/knightcenter.utexas.edu\/wp-content\/uploads\/2026\/09\/Carmen-Aristegui-768x768.png 768w, https:\/\/knightcenter.utexas.edu\/wp-content\/uploads\/2026\/09\/Carmen-Aristegui.png 853w\" sizes=\"auto, (max-width: 300px) 100vw, 300px\" \/>La galardonada periodista Carmen Aristegui, una de las voces cr\u00edticas m\u00e1s influyentes en M\u00e9xico y responsable de algunas de las investigaciones m\u00e1s explosivas en los \u00faltimos 15 a\u00f1os, presentar\u00e1 la conferencia magistral del 19.\u00ba <a href=\"https:\/\/isoj.org\/coloquio\/\">Coloquio Iberoamericano de Periodismo<\/a>, anunci\u00f3 este mi\u00e9rcoles el Centro Knight para el Periodismo en las Am\u00e9ricas.<\/p>\n<p>El Coloquio se llevar\u00e1 a cabo el 19 de septiembre de 2026, un d\u00eda despu\u00e9s del cierre del 27.\u00ba <a href=\"https:\/\/isoj.org\/symposia\/2026\/\">Simposio Internacional de Periodismo<\/a> (ISOJ, por sus siglas en ingl\u00e9s). Ambas conferencias son organizadas por el Centro Knight y se llevar\u00e1n a cabo en la Universidad de Texas en Austin.<\/p>\n<p>Es requisito inscribirse a ISOJ para participar en el Coloquio. <a href=\"https:\/\/cvent.utexas.edu\/event\/66660781-45a7-4dba-b752-dab78f2f11d6\/regProcessStep1\">Haz clic aqu\u00ed<\/a> para registrarte de manera presencial o virtual y luego inscribirte en el Coloquio. Los participantes registrados en modalidad virtual para ISOJ y el Coloquio podr\u00e1n recibir un certificado de participaci\u00f3n del Centro Knight.<\/p>\n<p>Aristegui cuenta con m\u00e1s de tres d\u00e9cadas de experiencia en radio, televisi\u00f3n y medios digitales. Recientemente termin\u00f3 su programa de entrevistas en CNN en Espa\u00f1ol tras 20 a\u00f1os al aire, una colaboraci\u00f3n que ampli\u00f3 su audiencia en Am\u00e9rica Latina y Estados Unidos. En 2012 fund\u00f3 <a href=\"https:\/\/aristeguinoticias.com\/\">Aristegui Noticias<\/a>, plataforma de periodismo independiente que se ha distinguido por sus investigaciones sobre pol\u00edtica, corrupci\u00f3n y abuso de poder.<\/p>\n<p>Aristegui lanz\u00f3 el sitio de noticias despu\u00e9s de publicar en 2014 una investigaci\u00f3n en torno a la llamada <a href=\"https:\/\/aristeguinoticias.com\/0911\/mexico\/la-casa-blanca-de-enrique-pena-nieto\/\">Casa Blanca del ex presidente mexicano Enrique Pe\u00f1a Nieto.<\/a> El equipo de Aristegui revel\u00f3 que la mansi\u00f3n multimillonaria en la que habitaba Pe\u00f1a Nieto estaba a nombre legal de una inmobiliaria que le pertenec\u00eda a un amigo del mandatario y contratista gubernamental. Tras la investigaci\u00f3n, su antigua emisora <a href=\"https:\/\/fundaciongabo.org\/es\/etica-periodistica\/blogs\/los-10-momentos-claves-del-conflicto-aristegui-mvs-radio\">despidi\u00f3 a dos integrantes de su equipo<\/a>. La emisora <a href=\"https:\/\/latamjournalismreview.org\/es\/articles\/despido-de-carmen-aristegui-aumenta-polemica-en-mexico\/\">tambi\u00e9n despidi\u00f3 a Aristegui <\/a>despu\u00e9s de que la periodista exigiera la reinstalaci\u00f3n de sus colegas.<\/p>\n<p>Su equipo ha sido blanco frecuente de cr\u00edticas gubernamentales, presiones y ataques, incluyendo <a href=\"https:\/\/citizenlab.ca\/research\/reckless-exploit-mexico-nso\/\">intentos de espionaje en l\u00ednea<\/a>\u00a0y el <a href=\"https:\/\/latamjournalismreview.org\/es\/articles\/periodista-mexicana-carmen-aristegui-denuncia-robo-campana-de-desprestigio-y-amenazas-en-su-contra\/\">allanamiento de su sala de redacci\u00f3n<\/a>. Su trabajo le ha ganado numerosos reconocimientos, como el Premio Mar\u00eda Moors Cabot en 2008 y el Premio Internacional de Periodismo de Investigaci\u00f3n de El Confidencial, entregado por los Reyes de Espa\u00f1a este a\u00f1o, por la investigaci\u00f3n \u201c<a href=\"https:\/\/aristeguinoticias.com\/270425\/investigaciones-especiales\/televisaleaks-la-fabrica-de-mentiras-manipulacion-y-guerra-sucia\/\">Televisa Leaks<\/a>\u201d, en la que el equipo de Aristegui revel\u00f3 documentos filtrados que describen la <a href=\"https:\/\/latamjournalismreview.org\/es\/articles\/televisa-es-acusada-de-dirigir-una-red-secreta-de-noticias-falsas-para-desprestigiar-a-sus-rivales\/\">fabricaci\u00f3n de noticias, campa\u00f1as de desprestigio y manipulaci\u00f3n informativa<\/a> orquestradas por la televisora mexicana Televisa.<\/p>\n<p>\"Ser\u00e1 un gran honor para nosotros recibir en el Coloquio Iberoamericano de Periodismo a una de las periodistas mexicanas m\u00e1s importantes, respetada y admirada no solo en su pa\u00eds, sino en toda Iberoam\u00e9rica por su valent\u00eda y competencia en el ejercicio profesional basado en valores \u00e9ticos y en las mejores t\u00e9cnicas de investigaci\u00f3n\", dijo el profesor Rosental Calmon Alves, fundador y director del Centro Knight.<\/p>\n<p>Agreg\u00f3: \"Carmen Aristegui ha sido una inspiraci\u00f3n para las nuevas generaciones de periodistas por sus programas de radio y televisi\u00f3n, por su sitio de noticias, por su estilo como entrevistadora y su coraje para dirigir y publicar investigaciones que exponen corrupci\u00f3n, hechas con informaci\u00f3n tan bien verificada que resulta incontestable\".<\/p>\n<p>Aristegui dar\u00e1 arranque al Coloquio, una conferencia en espa\u00f1ol que, desde 2008, re\u00fane a periodistas y l\u00edderes de medios de Am\u00e9rica Latina, el Caribe, Espa\u00f1a y Portugal para discutir sus desaf\u00edos en com\u00fan.<\/p>\n<p>El Coloquio de este a\u00f1o contar\u00e1 con presentaciones por parte de otros l\u00edderes del periodismo iberoamericano, incluyendo a Alfredo Corchado, director ejecutivo de <a href=\"https:\/\/puentenews.org\/\">Puente News Collaborative<\/a> (EE.UU.); Jos\u00e9 Zamora, director regional en las Am\u00e9ricas del <a href=\"https:\/\/cpj.org\/es\/\">Comit\u00e9 para la Protecci\u00f3n de los Periodistas<\/a>; Roberto Rock, fundador y director de <a href=\"https:\/\/lasillarota.com\/\">La Silla Rota<\/a> (M\u00e9xico); Laura Aguirre, cofundadora y directora estrat\u00e9gica de <a href=\"https:\/\/www.alharaca.sv\/\">Alharaca<\/a> (El Salvador\/Alemania); y Clavel Rangel Jim\u00e9nez, cofundadora de la <a href=\"https:\/\/redamazonia.org\/home-2-0\/\">Red de Periodistas de la Amazonia Venezolana<\/a>, (Venezuela).<\/p>\n<p>La conferencia se centrar\u00e1 en temas como la sostenibilidad, el lanzamiento de medios independientes, la cobertura de la frontera entre M\u00e9xico y Estados Unidos, la desinformaci\u00f3n y la verificaci\u00f3n de datos en tiempos de la inteligencia artificial y el periodismo de soluciones, entre otros.<\/p>\n<p>El Coloquio dar\u00e1 seguimiento a las discusiones iniciadas durante ISOJ, que este a\u00f1o se llevar\u00e1 a cabo el 17 y 18 de septiembre y girar\u00e1 en torno a dos de los temas m\u00e1s urgentes para el periodismo: fortalecer la confianza de las audiencias en un momento cr\u00edtico para las democracias de todo el mundo y el futuro de las noticias en la era de la inteligencia artificial.<\/p>\n<p>ISOJ contar\u00e1 con interpretaci\u00f3n simult\u00e1nea del ingl\u00e9s al espa\u00f1ol para quienes asistan tanto de manera presencial como virtual. El Coloquio se lleva a cabo \u00fanicamente en espa\u00f1ol sin servicio de interpretaci\u00f3n.<\/p>\n","protected":false},"excerpt":{"rendered":"<p>La galardonada periodista Carmen Aristegui, una de las voces cr\u00edticas m\u00e1s influyentes en M\u00e9xico y responsable de algunas de las investigaciones m\u00e1s explosivas en los \u00faltimos 15 a\u00f1os, presentar\u00e1 la conferencia magistral del 19.\u00ba Coloquio Iberoamericano de Periodismo, anunci\u00f3 este mi\u00e9rcoles el Centro Knight para el Periodismo en las Am\u00e9ricas. El Coloquio se llevar\u00e1 a [&hellip;]<\/p>\n","protected":false},"author":32,"featured_media":100727,"comment_status":"closed","ping_status":"closed","sticky":false,"template":"","format":"standard","meta":{"_acf_changed":false,"inline_featured_image":false,"footnotes":""},"categories":[125],"tags":[204,148],"class_list":["post-100721","post","type-post","status-publish","format-standard","has-post-thumbnail","hentry","category-isoj-es","tag-coloquio-iberoamericano","tag-isoj-es"],"acf":[],"yoast_head":"<!-- This site is optimized with the Yoast SEO Premium plugin v24.4 (Yoast SEO v28.3) - https:\/\/yoast.com\/product\/yoast-seo-premium-wordpress\/ -->\n<title>Carmen Aristegui, referente del periodismo en M\u00e9xico, encabezar\u00e1 el Coloquio Iberoamericano | Knight Center for Journalism in the Americas<\/title>\n<meta name=\"robots\" content=\"index, follow, max-snippet:-1, max-image-preview:large, max-video-preview:-1\" \/>\n<link rel=\"canonical\" href=\"https:\/\/knightcenter.utexas.edu\/es\/carmen-aristegui-referente-del-periodismo-en-mexico-encabezara-el-coloquio-iberoamericano\/\" \/>\n<meta property=\"og:locale\" content=\"es_ES\" \/>\n<meta property=\"og:type\" content=\"article\" \/>\n<meta property=\"og:title\" content=\"Carmen Aristegui, referente del periodismo en M\u00e9xico, encabezar\u00e1 el Coloquio Iberoamericano\" \/>\n<meta property=\"og:description\" content=\"La galardonada periodista Carmen Aristegui, una de las voces cr\u00edticas m\u00e1s influyentes en M\u00e9xico y responsable de algunas de las investigaciones m\u00e1s explosivas en los \u00faltimos 15 a\u00f1os, presentar\u00e1 la conferencia magistral del 19.\u00ba Coloquio Iberoamericano de Periodismo, anunci\u00f3 este mi\u00e9rcoles el Centro Knight para el Periodismo en las Am\u00e9ricas. El Coloquio se llevar\u00e1 a [&hellip;]\" \/>\n<meta property=\"og:url\" content=\"https:\/\/knightcenter.utexas.edu\/es\/carmen-aristegui-referente-del-periodismo-en-mexico-encabezara-el-coloquio-iberoamericano\/\" \/>\n<meta property=\"og:site_name\" content=\"Knight Center for Journalism in the Americas\" \/>\n<meta property=\"article:published_time\" content=\"2026-09-04T19:18:34+00:00\" \/>\n<meta property=\"article:modified_time\" content=\"2026-09-04T19:28:13+00:00\" \/>\n<meta property=\"og:image\" content=\"https:\/\/knightcenter.utexas.edu\/wp-content\/uploads\/2026\/09\/Carmen-thumb.png\" \/>\n\t<meta property=\"og:image:width\" content=\"600\" \/>\n\t<meta property=\"og:image:height\" content=\"400\" \/>\n\t<meta property=\"og:image:type\" content=\"image\/png\" \/>\n<meta name=\"author\" content=\"Alejandro Mart\u00ednez-Cabrera\" \/>\n<meta name=\"twitter:card\" content=\"summary_large_image\" \/>\n<meta name=\"twitter:label1\" content=\"Written by\" \/>\n\t<meta name=\"twitter:data1\" content=\"Alejandro Mart\u00ednez-Cabrera\" \/>\n\t<meta name=\"twitter:label2\" content=\"Est. reading time\" \/>\n\t<meta name=\"twitter:data2\" content=\"4 minutos\" \/>\n<script type=\"application\/ld+json\" class=\"yoast-schema-graph\">{\"@context\":\"https:\\\/\\\/schema.org\",\"@graph\":[{\"@type\":\"Article\",\"@id\":\"https:\\\/\\\/knightcenter.utexas.edu\\\/es\\\/carmen-aristegui-referente-del-periodismo-en-mexico-encabezara-el-coloquio-iberoamericano\\\/#article\",\"isPartOf\":{\"@id\":\"https:\\\/\\\/knightcenter.utexas.edu\\\/es\\\/carmen-aristegui-referente-del-periodismo-en-mexico-encabezara-el-coloquio-iberoamericano\\\/\"},\"author\":{\"name\":\"Alejandro Mart\u00ednez-Cabrera\",\"@id\":\"https:\\\/\\\/knightcenter.utexas.edu\\\/es\\\/#\\\/schema\\\/person\\\/e8c18b0e258d3451bf06da22a7896e1a\"},\"headline\":\"Carmen Aristegui, referente del periodismo en M\u00e9xico, encabezar\u00e1 el Coloquio Iberoamericano\",\"datePublished\":\"2026-09-04T19:18:34+00:00\",\"dateModified\":\"2026-09-04T19:28:13+00:00\",\"mainEntityOfPage\":{\"@id\":\"https:\\\/\\\/knightcenter.utexas.edu\\\/es\\\/carmen-aristegui-referente-del-periodismo-en-mexico-encabezara-el-coloquio-iberoamericano\\\/\"},\"wordCount\":841,\"image\":{\"@id\":\"https:\\\/\\\/knightcenter.utexas.edu\\\/es\\\/carmen-aristegui-referente-del-periodismo-en-mexico-encabezara-el-coloquio-iberoamericano\\\/#primaryimage\"},\"thumbnailUrl\":\"https:\\\/\\\/knightcenter.utexas.edu\\\/wp-content\\\/uploads\\\/2026\\\/09\\\/Carmen-thumb.png\",\"keywords\":[\"Coloquio Iberoamericano\",\"ISOJ\"],\"articleSection\":[\"ISOJ\"],\"inLanguage\":\"es\"},{\"@type\":\"WebPage\",\"@id\":\"https:\\\/\\\/knightcenter.utexas.edu\\\/es\\\/carmen-aristegui-referente-del-periodismo-en-mexico-encabezara-el-coloquio-iberoamericano\\\/\",\"url\":\"https:\\\/\\\/knightcenter.utexas.edu\\\/es\\\/carmen-aristegui-referente-del-periodismo-en-mexico-encabezara-el-coloquio-iberoamericano\\\/\",\"name\":\"Carmen Aristegui, referente del periodismo en M\u00e9xico, encabezar\u00e1 el Coloquio Iberoamericano | Knight Center for Journalism in the Americas\",\"isPartOf\":{\"@id\":\"https:\\\/\\\/knightcenter.utexas.edu\\\/es\\\/#website\"},\"primaryImageOfPage\":{\"@id\":\"https:\\\/\\\/knightcenter.utexas.edu\\\/es\\\/carmen-aristegui-referente-del-periodismo-en-mexico-encabezara-el-coloquio-iberoamericano\\\/#primaryimage\"},\"image\":{\"@id\":\"https:\\\/\\\/knightcenter.utexas.edu\\\/es\\\/carmen-aristegui-referente-del-periodismo-en-mexico-encabezara-el-coloquio-iberoamericano\\\/#primaryimage\"},\"thumbnailUrl\":\"https:\\\/\\\/knightcenter.utexas.edu\\\/wp-content\\\/uploads\\\/2026\\\/09\\\/Carmen-thumb.png\",\"datePublished\":\"2026-09-04T19:18:34+00:00\",\"dateModified\":\"2026-09-04T19:28:13+00:00\",\"author\":{\"@id\":\"https:\\\/\\\/knightcenter.utexas.edu\\\/es\\\/#\\\/schema\\\/person\\\/e8c18b0e258d3451bf06da22a7896e1a\"},\"breadcrumb\":{\"@id\":\"https:\\\/\\\/knightcenter.utexas.edu\\\/es\\\/carmen-aristegui-referente-del-periodismo-en-mexico-encabezara-el-coloquio-iberoamericano\\\/#breadcrumb\"},\"inLanguage\":\"es\",\"potentialAction\":[{\"@type\":\"ReadAction\",\"target\":[\"https:\\\/\\\/knightcenter.utexas.edu\\\/es\\\/carmen-aristegui-referente-del-periodismo-en-mexico-encabezara-el-coloquio-iberoamericano\\\/\"]}]},{\"@type\":\"ImageObject\",\"inLanguage\":\"es\",\"@id\":\"https:\\\/\\\/knightcenter.utexas.edu\\\/es\\\/carmen-aristegui-referente-del-periodismo-en-mexico-encabezara-el-coloquio-iberoamericano\\\/#primaryimage\",\"url\":\"https:\\\/\\\/knightcenter.utexas.edu\\\/wp-content\\\/uploads\\\/2026\\\/09\\\/Carmen-thumb.png\",\"contentUrl\":\"https:\\\/\\\/knightcenter.utexas.edu\\\/wp-content\\\/uploads\\\/2026\\\/09\\\/Carmen-thumb.png\",\"width\":600,\"height\":400,\"caption\":\"Carmen Aristegui\"},{\"@type\":\"BreadcrumbList\",\"@id\":\"https:\\\/\\\/knightcenter.utexas.edu\\\/es\\\/carmen-aristegui-referente-del-periodismo-en-mexico-encabezara-el-coloquio-iberoamericano\\\/#breadcrumb\",\"itemListElement\":[{\"@type\":\"ListItem\",\"position\":1,\"name\":\"Home\",\"item\":\"https:\\\/\\\/knightcenter.utexas.edu\\\/es\\\/\"},{\"@type\":\"ListItem\",\"position\":2,\"name\":\"Carmen Aristegui, referente del periodismo en M\u00e9xico, encabezar\u00e1 el Coloquio Iberoamericano\"}]},{\"@type\":\"WebSite\",\"@id\":\"https:\\\/\\\/knightcenter.utexas.edu\\\/es\\\/#website\",\"url\":\"https:\\\/\\\/knightcenter.utexas.edu\\\/es\\\/\",\"name\":\"Knight Center for Journalism in the Americas\",\"description\":\"Training, resources, and news for journalists\",\"potentialAction\":[{\"@type\":\"SearchAction\",\"target\":{\"@type\":\"EntryPoint\",\"urlTemplate\":\"https:\\\/\\\/knightcenter.utexas.edu\\\/es\\\/?s={search_term_string}\"},\"query-input\":{\"@type\":\"PropertyValueSpecification\",\"valueRequired\":true,\"valueName\":\"search_term_string\"}}],\"inLanguage\":\"es\"},{\"@type\":\"Person\",\"@id\":\"https:\\\/\\\/knightcenter.utexas.edu\\\/es\\\/#\\\/schema\\\/person\\\/e8c18b0e258d3451bf06da22a7896e1a\",\"name\":\"Alejandro Mart\u00ednez-Cabrera\",\"image\":{\"@type\":\"ImageObject\",\"inLanguage\":\"es\",\"@id\":\"https:\\\/\\\/secure.gravatar.com\\\/avatar\\\/fe4e75b7dcfdf1af1578ba2809f4b79ac4d1174317186a9add88cefca7eae841?s=96&d=mm&r=g\",\"url\":\"https:\\\/\\\/secure.gravatar.com\\\/avatar\\\/fe4e75b7dcfdf1af1578ba2809f4b79ac4d1174317186a9add88cefca7eae841?s=96&d=mm&r=g\",\"contentUrl\":\"https:\\\/\\\/secure.gravatar.com\\\/avatar\\\/fe4e75b7dcfdf1af1578ba2809f4b79ac4d1174317186a9add88cefca7eae841?s=96&d=mm&r=g\",\"caption\":\"Alejandro Mart\u00ednez-Cabrera\"},\"url\":\"https:\\\/\\\/knightcenter.utexas.edu\\\/es\\\/author\\\/alejandro-martinez-cabrera\\\/\"}]}<\/script>\n<!-- \/ Yoast SEO Premium plugin. -->","yoast_head_json":{"title":"Carmen Aristegui, referente del periodismo en M\u00e9xico, encabezar\u00e1 el Coloquio Iberoamericano | Knight Center for Journalism in the Americas","robots":{"index":"index","follow":"follow","max-snippet":"max-snippet:-1","max-image-preview":"max-image-preview:large","max-video-preview":"max-video-preview:-1"},"canonical":"https:\/\/knightcenter.utexas.edu\/es\/carmen-aristegui-referente-del-periodismo-en-mexico-encabezara-el-coloquio-iberoamericano\/","og_locale":"es_ES","og_type":"article","og_title":"Carmen Aristegui, referente del periodismo en M\u00e9xico, encabezar\u00e1 el Coloquio Iberoamericano","og_description":"La galardonada periodista Carmen Aristegui, una de las voces cr\u00edticas m\u00e1s influyentes en M\u00e9xico y responsable de algunas de las investigaciones m\u00e1s explosivas en los \u00faltimos 15 a\u00f1os, presentar\u00e1 la conferencia magistral del 19.\u00ba Coloquio Iberoamericano de Periodismo, anunci\u00f3 este mi\u00e9rcoles el Centro Knight para el Periodismo en las Am\u00e9ricas. El Coloquio se llevar\u00e1 a [&hellip;]","og_url":"https:\/\/knightcenter.utexas.edu\/es\/carmen-aristegui-referente-del-periodismo-en-mexico-encabezara-el-coloquio-iberoamericano\/","og_site_name":"Knight Center for Journalism in the Americas","article_published_time":"2026-09-04T19:18:34+00:00","article_modified_time":"2026-09-04T19:28:13+00:00","og_image":[{"width":600,"height":400,"url":"https:\/\/knightcenter.utexas.edu\/wp-content\/uploads\/2026\/09\/Carmen-thumb.png","type":"image\/png"}],"author":"Alejandro Mart\u00ednez-Cabrera","twitter_card":"summary_large_image","twitter_misc":{"Written by":"Alejandro Mart\u00ednez-Cabrera","Est. reading time":"4 minutos"},"schema":{"@context":"https:\/\/schema.org","@graph":[{"@type":"Article","@id":"https:\/\/knightcenter.utexas.edu\/es\/carmen-aristegui-referente-del-periodismo-en-mexico-encabezara-el-coloquio-iberoamericano\/#article","isPartOf":{"@id":"https:\/\/knightcenter.utexas.edu\/es\/carmen-aristegui-referente-del-periodismo-en-mexico-encabezara-el-coloquio-iberoamericano\/"},"author":{"name":"Alejandro Mart\u00ednez-Cabrera","@id":"https:\/\/knightcenter.utexas.edu\/es\/#\/schema\/person\/e8c18b0e258d3451bf06da22a7896e1a"},"headline":"Carmen Aristegui, referente del periodismo en M\u00e9xico, encabezar\u00e1 el Coloquio Iberoamericano","datePublished":"2026-09-04T19:18:34+00:00","dateModified":"2026-09-04T19:28:13+00:00","mainEntityOfPage":{"@id":"https:\/\/knightcenter.utexas.edu\/es\/carmen-aristegui-referente-del-periodismo-en-mexico-encabezara-el-coloquio-iberoamericano\/"},"wordCount":841,"image":{"@id":"https:\/\/knightcenter.utexas.edu\/es\/carmen-aristegui-referente-del-periodismo-en-mexico-encabezara-el-coloquio-iberoamericano\/#primaryimage"},"thumbnailUrl":"https:\/\/knightcenter.utexas.edu\/wp-content\/uploads\/2026\/09\/Carmen-thumb.png","keywords":["Coloquio Iberoamericano","ISOJ"],"articleSection":["ISOJ"],"inLanguage":"es"},{"@type":"WebPage","@id":"https:\/\/knightcenter.utexas.edu\/es\/carmen-aristegui-referente-del-periodismo-en-mexico-encabezara-el-coloquio-iberoamericano\/","url":"https:\/\/knightcenter.utexas.edu\/es\/carmen-aristegui-referente-del-periodismo-en-mexico-encabezara-el-coloquio-iberoamericano\/","name":"Carmen Aristegui, referente del periodismo en M\u00e9xico, encabezar\u00e1 el Coloquio Iberoamericano | Knight Center for Journalism in the Americas","isPartOf":{"@id":"https:\/\/knightcenter.utexas.edu\/es\/#website"},"primaryImageOfPage":{"@id":"https:\/\/knightcenter.utexas.edu\/es\/carmen-aristegui-referente-del-periodismo-en-mexico-encabezara-el-coloquio-iberoamericano\/#primaryimage"},"image":{"@id":"https:\/\/knightcenter.utexas.edu\/es\/carmen-aristegui-referente-del-periodismo-en-mexico-encabezara-el-coloquio-iberoamericano\/#primaryimage"},"thumbnailUrl":"https:\/\/knightcenter.utexas.edu\/wp-content\/uploads\/2026\/09\/Carmen-thumb.png","datePublished":"2026-09-04T19:18:34+00:00","dateModified":"2026-09-04T19:28:13+00:00","author":{"@id":"https:\/\/knightcenter.utexas.edu\/es\/#\/schema\/person\/e8c18b0e258d3451bf06da22a7896e1a"},"breadcrumb":{"@id":"https:\/\/knightcenter.utexas.edu\/es\/carmen-aristegui-referente-del-periodismo-en-mexico-encabezara-el-coloquio-iberoamericano\/#breadcrumb"},"inLanguage":"es","potentialAction":[{"@type":"ReadAction","target":["https:\/\/knightcenter.utexas.edu\/es\/carmen-aristegui-referente-del-periodismo-en-mexico-encabezara-el-coloquio-iberoamericano\/"]}]},{"@type":"ImageObject","inLanguage":"es","@id":"https:\/\/knightcenter.utexas.edu\/es\/carmen-aristegui-referente-del-periodismo-en-mexico-encabezara-el-coloquio-iberoamericano\/#primaryimage","url":"https:\/\/knightcenter.utexas.edu\/wp-content\/uploads\/2026\/09\/Carmen-thumb.png","contentUrl":"https:\/\/knightcenter.utexas.edu\/wp-content\/uploads\/2026\/09\/Carmen-thumb.png","width":600,"height":400,"caption":"Carmen Aristegui"},{"@type":"BreadcrumbList","@id":"https:\/\/knightcenter.utexas.edu\/es\/carmen-aristegui-referente-del-periodismo-en-mexico-encabezara-el-coloquio-iberoamericano\/#breadcrumb","itemListElement":[{"@type":"ListItem","position":1,"name":"Home","item":"https:\/\/knightcenter.utexas.edu\/es\/"},{"@type":"ListItem","position":2,"name":"Carmen Aristegui, referente del periodismo en M\u00e9xico, encabezar\u00e1 el Coloquio Iberoamericano"}]},{"@type":"WebSite","@id":"https:\/\/knightcenter.utexas.edu\/es\/#website","url":"https:\/\/knightcenter.utexas.edu\/es\/","name":"Knight Center for Journalism in the Americas","description":"Training, resources, and news for journalists","potentialAction":[{"@type":"SearchAction","target":{"@type":"EntryPoint","urlTemplate":"https:\/\/knightcenter.utexas.edu\/es\/?s={search_term_string}"},"query-input":{"@type":"PropertyValueSpecification","valueRequired":true,"valueName":"search_term_string"}}],"inLanguage":"es"},{"@type":"Person","@id":"https:\/\/knightcenter.utexas.edu\/es\/#\/schema\/person\/e8c18b0e258d3451bf06da22a7896e1a","name":"Alejandro Mart\u00ednez-Cabrera","image":{"@type":"ImageObject","inLanguage":"es","@id":"https:\/\/secure.gravatar.com\/avatar\/fe4e75b7dcfdf1af1578ba2809f4b79ac4d1174317186a9add88cefca7eae841?s=96&d=mm&r=g","url":"https:\/\/secure.gravatar.com\/avatar\/fe4e75b7dcfdf1af1578ba2809f4b79ac4d1174317186a9add88cefca7eae841?s=96&d=mm&r=g","contentUrl":"https:\/\/secure.gravatar.com\/avatar\/fe4e75b7dcfdf1af1578ba2809f4b79ac4d1174317186a9add88cefca7eae841?s=96&d=mm&r=g","caption":"Alejandro Mart\u00ednez-Cabrera"},"url":"https:\/\/knightcenter.utexas.edu\/es\/author\/alejandro-martinez-cabrera\/"}]}},"_links":{"self":[{"href":"https:\/\/knightcenter.utexas.edu\/es\/wp-json\/wp\/v2\/posts\/100721","targetHints":{"allow":["GET"]}}],"collection":[{"href":"https:\/\/knightcenter.utexas.edu\/es\/wp-json\/wp\/v2\/posts"}],"about":[{"href":"https:\/\/knightcenter.utexas.edu\/es\/wp-json\/wp\/v2\/types\/post"}],"author":[{"embeddable":true,"href":"https:\/\/knightcenter.utexas.edu\/es\/wp-json\/wp\/v2\/users\/32"}],"replies":[{"embeddable":true,"href":"https:\/\/knightcenter.utexas.edu\/es\/wp-json\/wp\/v2\/comments?post=100721"}],"version-history":[{"count":1,"href":"https:\/\/knightcenter.utexas.edu\/es\/wp-json\/wp\/v2\/posts\/100721\/revisions"}],"predecessor-version":[{"id":100722,"href":"https:\/\/knightcenter.utexas.edu\/es\/wp-json\/wp\/v2\/posts\/100721\/revisions\/100722"}],"wp:featuredmedia":[{"embeddable":true,"href":"https:\/\/knightcenter.utexas.edu\/es\/wp-json\/wp\/v2\/media\/100727"}],"wp:attachment":[{"href":"https:\/\/knightcenter.utexas.edu\/es\/wp-json\/wp\/v2\/media?parent=100721"}],"wp:term":[{"taxonomy":"category","embeddable":true,"href":"https:\/\/knightcenter.utexas.edu\/es\/wp-json\/wp\/v2\/categories?post=100721"},{"taxonomy":"post_tag","embeddable":true,"href":"https:\/\/knightcenter.utexas.edu\/es\/wp-json\/wp\/v2\/tags?post=100721"}],"curies":[{"name":"wp","href":"https:\/\/api.w.org\/{rel}","templated":true}]}}