{"id":85709,"date":"2025-04-15T10:16:17","date_gmt":"2025-04-15T15:16:17","guid":{"rendered":"https:\/\/knightcenter.utexas.edu\/?p=85709"},"modified":"2025-04-15T10:16:17","modified_gmt":"2025-04-15T15:16:17","slug":"academicos-afirman-que-la-desinformacion-presion-politica-y-disrupcion-tecnologica-estan-transformando-el-periodismo-en-america-latina","status":"publish","type":"post","link":"https:\/\/knightcenter.utexas.edu\/es\/academicos-afirman-que-la-desinformacion-presion-politica-y-disrupcion-tecnologica-estan-transformando-el-periodismo-en-america-latina\/","title":{"rendered":"Acad\u00e9micos afirman que la desinformaci\u00f3n, presi\u00f3n pol\u00edtica y disrupci\u00f3n tecnol\u00f3gica est\u00e1n transformando el periodismo en Am\u00e9rica Latina"},"content":{"rendered":"<p>Investigaciones acad\u00e9micas recientes sobre el periodismo latinoamericano revelan un panorama dif\u00edcil marcado por amenazas a la libertad de prensa que van m\u00e1s all\u00e1 de las dictaduras y se extienden a democracias liberales a trav\u00e9s de t\u00e1cticas de desinformaci\u00f3n y silenciamiento. Acad\u00e9micos se reunieron para discutir algunos de los principales desaf\u00edos durante el panel \u201cInvestigaciones acad\u00e9micas del periodismo latinoamericano\u201d, celebrado el 29 de marzo durante el <a href=\"https:\/\/isoj.org\/coloquio\/coloquio-2025\/\" target=\"_blank\" rel=\"noopener\">18\u00ba Coloquio Iberoamericano de Periodismo Digital<\/a> en la Universidad de Texas en Austin.<\/p>\n<p>Entre los temas abordados estuvieron ataques a la libertad de prensa, la desinformaci\u00f3n, el sensacionalismo y cambios en el periodismo latinoamericano. Los panelistas tambi\u00e9n abogaron por un mayor di\u00e1logo entre la academia y las redacciones, as\u00ed como nuevas formas de cooperaci\u00f3n para fortalecer el periodismo.<\/p>\n<p>El primer investigador en hablar fue Erich De La Fuente, profesor de relaciones internacionales y ciencias pol\u00edticas de la Universidad Internacional de la Florida, quien present\u00f3 un estudio sobre c\u00f3mo la libertad de prensa se deteriora en democracias liberales a trav\u00e9s de cambios sutiles, a menudo invisibles para la sociedad en general. De La Fuente defendi\u00f3 la importancia de identificar precozmente estos signos, haciendo una analog\u00eda con la medicina preventiva y los chequeos m\u00e9dicos.<\/p>\n<p>La investigaci\u00f3n abord\u00f3 principalmente el caso de Argentina, observando c\u00f3mo una democracia considerada libre puede ver paulatinamente amenazada su libertad de prensa. Entre las se\u00f1ales identificadas en su investigaci\u00f3n, De La Fuente destac\u00f3 la utilizaci\u00f3n de la publicidad estatal como mecanismo de control, no s\u00f3lo retirando anuncios de medios cr\u00edticos, sino tambi\u00e9n utilizando recursos y empresas p\u00fablicas para crear o comprar nuevos medios favorables al gobierno, citando el caso de la expresidenta y vicepresidenta de Argentina Cristina Kirchner.<\/p>\n<p>\u201cLa publicidad estatal no solo era la del gobierno, sino usar Aerol\u00edneas Argentinas o YPF [empresa de petr\u00f3leo y gas] o inclusive otras entidades estatales para usar esos recursos para crear medios y crear una entidad de medios\u201d, dijo De La Fuente. \u201cNo solo algunos de cero, sino para comprar medios, por medios de grupos privados\u201d.<\/p>\n<p>El investigador destac\u00f3 c\u00f3mo los gobiernos presionan a las empresas privadas para que retiren la publicidad de medios independientes, no mediante \u00f3rdenes directas, sino mediante inspecciones y auditor\u00edas selectivas.<\/p>\n<p>\u201cA los medios, les dec\u00edan: esa luz que est\u00e1 ah\u00ed \u00bfest\u00e1 bien puesta? Entonces, si sigues dando esto, vamos a mandarte un inspector para [revisar] esta luz y para esta luz, para esta f\u00e1brica\u201d, dijo.<\/p>\n<p>Otras t\u00e1cticas identificadas contra la libertad de prensa incluyen el uso de demandas judiciales como medio de desgaste, incluso cuando el gobierno sabe que las perder\u00e1; el descr\u00e9dito sistem\u00e1tico de los medios de comunicaci\u00f3n; y el despliegue de \u201ctrolls\u201d para ataques digitales a periodistas.<\/p>\n<p>Como soluciones, De La Fuente cit\u00f3 la adquisici\u00f3n de nuevas habilidades por parte de las redacciones; la adopci\u00f3n de la gesti\u00f3n empresarial; desarrollar capacidades para identificar campa\u00f1as de desinformaci\u00f3n; la inclusi\u00f3n de la educaci\u00f3n en medios desde la escuela primaria; apoyo a modelos de negocio alternativos para el periodismo y que las plataformas digitales remuneren a las empresas period\u00edsticas.<\/p>\n<p>\u201cLa medicina preventiva tiene que aplicarse a la libertad de prensa temprano porque si no atacamos ese mal, se convierte en un c\u00e1ncer, y la historia nos dice que es muy dif\u00edcil revertirlo\u201d, asegur\u00f3.<\/p>\n<p>&nbsp;<\/p>\n<h3>Cobertura de desastres a\u00e9reos y crisis<\/h3>\n<p>El profesor Gerson Luiz Martins y el estudiante de maestr\u00eda Silvio Monteiro Junior, de la Universidad Federal de Mato Grosso do Sul de Brasil, presentaron una investigaci\u00f3n sobre los desaf\u00edos del periodismo digital en la cobertura de desastres a\u00e9reos y el combate a la desinformaci\u00f3n en ese contexto.<\/p>\n<p>\u201cSoy periodista desde el dedo gordo del pie hasta el \u00faltimo cabello\u201d, dijo Martins en portugu\u00e9s, antes de enfatizar la importancia de la autocr\u00edtica en el trabajo period\u00edstico. El estudio presentado analiza la tensi\u00f3n entre el sistema de medios y el sistema experto de la aviaci\u00f3n, particularmente en el uso de fuentes y expertos.<\/p>\n<p>Silvio Monteiro, quien tiene 30 a\u00f1os de experiencia en el sector de la aviaci\u00f3n como piloto y coordinador de operaciones de b\u00fasqueda y rescate, analiz\u00f3 c\u00f3mo la cobertura de accidentes a\u00e9reos ofrece una ventana a c\u00f3mo se comporta el periodismo durante las crisis sociales.<\/p>\n<p>\u201cUn accidente a\u00e9reo es traum\u00e1tico, es una tragedia. Un accidente a\u00e9reo altera el ritmo de la sociedad, rompe con la cotidianidad de las personas\u201d, dijo. \u201cEs una cat\u00e1strofe, y entre la cat\u00e1strofe y la sociedad, ah\u00ed est\u00e1 el periodismo contempor\u00e1neo en su papel de mediaci\u00f3n\u201d.<\/p>\n<p>El an\u00e1lisis se centr\u00f3 en el caso del <a href=\"https:\/\/noticias.uol.com.br\/cotidiano\/ultimas-noticias\/2024\/08\/10\/confirmacao-vitima-acidente-aeronave-queda-vinhedo.htm\" target=\"_blank\" rel=\"noopener\">accidente del avi\u00f3n Voepass 2283<\/a>, ocurrido el 9 de agosto de 2024 en Brasil, que ilustra graves problemas de desinformaci\u00f3n. Quince minutos despu\u00e9s del accidente, las agencias de control del tr\u00e1fico a\u00e9reo anunciaron que hab\u00eda 62 personas a bordo. Media hora despu\u00e9s, la aerol\u00ednea confirm\u00f3 esta cifra. Sin embargo, sin saber d\u00f3nde, los medios de comunicaci\u00f3n comenzaron a informar la cifra de 61 v\u00edctimas. La discrepancia ten\u00eda el potencial de da\u00f1ar a personas cercanas a las v\u00edctimas, dijo el investigador.<\/p>\n<p>\u201c\u00bfY los m\u00e1s afectados, qui\u00e9nes ser\u00edan? Las familias\u201d, dijo Monteiro. \u201cS\u00ed, porque ahora hab\u00eda un pasajero que podr\u00eda no estar embarcado\u201d.<\/p>\n<p>Al d\u00eda siguiente del desastre, la prensa se dirigi\u00f3 al ministro de Defensa brasile\u00f1o para que se pronunciara sobre el accidente, a pesar de que no ten\u00eda la experiencia necesaria para evaluar la situaci\u00f3n, ignorando a las autoridades aeron\u00e1uticas competentes.<\/p>\n<p>Adem\u00e1s, hubo sensacionalismo por parte de la prensa. Rede Globo incluso afirm\u00f3 que tuvo acceso a las cajas negras del avi\u00f3n y revel\u00f3 detalles inquietantes sobre los momentos finales de los pasajeros. Los datos de la caja negra est\u00e1n protegidos por estrictos est\u00e1ndares de protecci\u00f3n de datos de la Organizaci\u00f3n de Aviaci\u00f3n Civil Internacional.<\/p>\n<p>\u201cMe gustar\u00eda invitar a todos ustedes que por un momento se pongan en la situaci\u00f3n de las familias de las v\u00edctimas. Imag\u00ednense ahora leyendo una informaci\u00f3n en cadena nacional que sus familiares murieron gritando\u201d, dijo Monteiro. \u201c\u00bfEso es periodismo? Esa es la desinformaci\u00f3n que necesitamos combatir\u201d.<\/p>\n<p>El investigador finaliz\u00f3 invitando a los asistentes a reflexionar con una pregunta.<\/p>\n<p>\u201cLa pregunta no es s\u00f3lo c\u00f3mo se difunde la desinformaci\u00f3n, sino qu\u00e9 estamos haciendo todos nosotros para combatirla\u201d, concluy\u00f3.<\/p>\n<p>&nbsp;<\/p>\n<h3>Una visi\u00f3n general de las investigaciones en el Centro Knight<\/h3>\n<p>La profesora Vanessa de Macedo Higgins Joyce de la Universidad Estatal de Texas concluy\u00f3 el panel presentando un panorama de las investigaciones del Centro Knight para el Periodismo en las Am\u00e9ricas sobre las transformaciones del periodismo en Am\u00e9rica Latina durante la \u00faltima d\u00e9cada. Como graduada de la Universidad de Texas en Austin y una de las primeras integrantes del equipo del Centro Knight, Higgins Joyce aport\u00f3 una valiosa perspectiva hist\u00f3rica.<\/p>\n<p>\u201cSiempre tenemos esa preocupaci\u00f3n acerca del periodismo de Latinoam\u00e9rica y con una preocupaci\u00f3n no solo de hacer entrenamientos y noticias acerca de los retos y de las cosas que acontecen en Am\u00e9rica Latina, pero tambi\u00e9n en presentarlas en las tres lenguas\u201d, explic\u00f3 Higgins Joyce, destacando el compromiso del Centro Knight de publicar en espa\u00f1ol, ingl\u00e9s y portugu\u00e9s.<\/p>\n<p>Higgins Joyce describi\u00f3 c\u00f3mo estos estudios comenzaron de manera \u201corg\u00e1nica\u201d en 2009, cuando el Centro Knight estableci\u00f3 contactos con periodistas de diferentes medios que comenzaban a trabajar exclusivamente en plataformas digitales.<\/p>\n<p>\u201cEn esa \u00e9poca se estaban empezando a trabajar m\u00e1s exclusivamente en los medios digitales y c\u00f3mo esto estaba por cambiar el periodismo\u201d, dijo. Incluso entonces, los investigadores identificaron cambios significativos en la relaci\u00f3n con las audiencias, que se volvieron \u201cmucho m\u00e1s pr\u00f3ximas\u201d, y en la creciente importancia de las tecnolog\u00edas digitales.<\/p>\n<p>El Centro Knight ha <a href=\"https:\/\/knightcenter.utexas.edu\/es\/\" target=\"_blank\" rel=\"noopener\">publicado<\/a>\u00a0m\u00e1s de 20 trabajos sobre el tema a lo largo de los a\u00f1os, incluyendo un libro reciente que recopila parte de esta investigaci\u00f3n. Higgins Joyce dijo que su enfoque siempre ha sido no solo estudiar el periodismo latinoamericano, sino tambi\u00e9n las diferencias regionales y comparativas, llevando los estudios latinoamericanos a publicaciones acad\u00e9micas internacionales.<\/p>\n<p>\u201cSiempre hemos mantenido una preocupaci\u00f3n central por dialogar con acad\u00e9micos del periodismo y llevar los temas a publicaciones en espa\u00f1ol, ingl\u00e9s y portugu\u00e9s\u201d, dijo.<\/p>\n<p>Luego, Higgins Joyce present\u00f3 los resultados de un <a href=\"https:\/\/www.researchgate.net\/publication\/373447890_Journalism_in_Flux_The_Changing_News_Industry_in_Latin_America_2013-2021_Published_online_Journalism_Practice\" target=\"_blank\" rel=\"noopener\">estudio<\/a> comparativo realizado junto con la directora asociada del Centro Knight, <a href=\"https:\/\/knightcenter.utexas.edu\/es\/staff\/summer-harlow\/\" target=\"_blank\" rel=\"noopener\">Summer Harlow,<\/a> y la profesora Amy Schmitz Weiss de la Universidad Estatal de San Diego, en m\u00e1s de 20 pa\u00edses latinoamericanos, analizando la evoluci\u00f3n del periodismo desde 2013 hasta 2021. Basado en la teor\u00eda de la \u201cjerarqu\u00eda de influencias\u201d, el estudio examin\u00f3 las transformaciones en las plataformas utilizadas, el tama\u00f1o y alcance de los medios, y las iniciativas de colaboraci\u00f3n entre medios.<\/p>\n<p>Entre las principales transformaciones identificadas estuvo la marcada migraci\u00f3n de los periodistas desde los medios anal\u00f3gicos y tradicionales, como la radio y la televisi\u00f3n, hacia plataformas digitales.<\/p>\n<p>\u201cHemos visto una disminuci\u00f3n de periodistas que trabajan para peri\u00f3dicos o que se identifican como periodistas de peri\u00f3dicos, y un aumento muy grande de periodistas que dicen trabajar en medios digitales, incluyendo medios nativos digitales\u201d, dijo Higgins Joyce. Este cambio refleja no solo transformaciones tecnol\u00f3gicas, sino una reconfiguraci\u00f3n completa del ecosistema period\u00edstico de la regi\u00f3n.<\/p>\n<p>Los datos tambi\u00e9n revelaron una tendencia clara hacia redacciones m\u00e1s peque\u00f1as, muchas de ellas operando con solo entre uno y cinco periodistas, y una disminuci\u00f3n en la cantidad de periodistas en grandes organizaciones medi\u00e1ticas.<\/p>\n<p>La encuesta tambi\u00e9n analiz\u00f3 el uso de redes sociales por parte de periodistas latinoamericanos, indicando una creciente dependencia de estas plataformas para la labor informativa y, cada vez m\u00e1s, para la promoci\u00f3n institucional.<\/p>\n<p>Finalmente, la investigaci\u00f3n encontr\u00f3 un aumento significativo en la incorporaci\u00f3n de mujeres a la profesi\u00f3n y una tendencia hacia periodistas m\u00e1s j\u00f3venes. Seg\u00fan Higgins Joyce, estas transformaciones demogr\u00e1ficas \u201cinfluyen en gran medida en el tipo de periodismo que se hace en Am\u00e9rica Latina\u201d.<\/p>\n<p>Higgins Joyce concluy\u00f3 destacando la innovaci\u00f3n y la creciente colaboraci\u00f3n internacional entre periodistas latinoamericanos, \u201cpara no enfocarnos solo en los aspectos negativos\u201d, dijo.<\/p>\n<p>La colaboraci\u00f3n \u201ctiene implicaciones para la seguridad, pero tambi\u00e9n para la difusi\u00f3n de informaci\u00f3n y el impacto de las noticias que se presentan\u201d, dijo Higgins Joyce.<\/p>\n","protected":false},"excerpt":{"rendered":"<p>Acad\u00e9micos advierten que la libertad de prensa en Am\u00e9rica Latina se ve amenazada no solo por las dictaduras, sino tambi\u00e9n por gobiernos democr\u00e1ticos y el acaparamiento de medios. En el Coloquio Iberoamericano de Periodismo Digital, hicieron un llamado a respuestas innovadoras y colaborativas.<\/p>\n","protected":false},"author":30,"featured_media":85707,"comment_status":"closed","ping_status":"closed","sticky":false,"template":"","format":"standard","meta":{"_acf_changed":false,"inline_featured_image":false,"footnotes":""},"categories":[125],"tags":[204],"class_list":["post-85709","post","type-post","status-publish","format-standard","has-post-thumbnail","hentry","category-isoj-es","tag-coloquio-iberoamericano"],"acf":[],"yoast_head":"<!-- This site is optimized with the Yoast SEO Premium plugin v24.4 (Yoast SEO v27.4) - https:\/\/yoast.com\/product\/yoast-seo-premium-wordpress\/ -->\n<title>Acad\u00e9micos afirman que la desinformaci\u00f3n, presi\u00f3n pol\u00edtica y disrupci\u00f3n tecnol\u00f3gica est\u00e1n transformando el periodismo en Am\u00e9rica Latina | Knight Center for Journalism in the Americas<\/title>\n<meta name=\"robots\" content=\"index, follow, max-snippet:-1, max-image-preview:large, max-video-preview:-1\" \/>\n<link rel=\"canonical\" href=\"https:\/\/knightcenter.utexas.edu\/es\/academicos-afirman-que-la-desinformacion-presion-politica-y-disrupcion-tecnologica-estan-transformando-el-periodismo-en-america-latina\/\" \/>\n<meta property=\"og:locale\" content=\"es_ES\" \/>\n<meta property=\"og:type\" content=\"article\" \/>\n<meta property=\"og:title\" content=\"Acad\u00e9micos afirman que la desinformaci\u00f3n, presi\u00f3n pol\u00edtica y disrupci\u00f3n tecnol\u00f3gica est\u00e1n transformando el periodismo en Am\u00e9rica Latina\" \/>\n<meta property=\"og:description\" content=\"Acad\u00e9micos advierten que la libertad de prensa en Am\u00e9rica Latina se ve amenazada no solo por las dictaduras, sino tambi\u00e9n por gobiernos democr\u00e1ticos y el acaparamiento de medios. En el Coloquio Iberoamericano de Periodismo Digital, hicieron un llamado a respuestas innovadoras y colaborativas.\" \/>\n<meta property=\"og:url\" content=\"https:\/\/knightcenter.utexas.edu\/es\/academicos-afirman-que-la-desinformacion-presion-politica-y-disrupcion-tecnologica-estan-transformando-el-periodismo-en-america-latina\/\" \/>\n<meta property=\"og:site_name\" content=\"Knight Center for Journalism in the Americas\" \/>\n<meta property=\"article:published_time\" content=\"2025-04-15T15:16:17+00:00\" \/>\n<meta property=\"og:image\" content=\"https:\/\/knightcenter.utexas.edu\/wp-content\/uploads\/2025\/04\/FEATURED-Investigaciones-academicas.png\" \/>\n\t<meta property=\"og:image:width\" content=\"507\" \/>\n\t<meta property=\"og:image:height\" content=\"340\" \/>\n\t<meta property=\"og:image:type\" content=\"image\/png\" \/>\n<meta name=\"author\" content=\"Andr\u00e9 Duchiade\" \/>\n<meta name=\"twitter:card\" content=\"summary_large_image\" \/>\n<meta name=\"twitter:label1\" content=\"Written by\" \/>\n\t<meta name=\"twitter:data1\" content=\"Andr\u00e9 Duchiade\" \/>\n\t<meta name=\"twitter:label2\" content=\"Est. reading time\" \/>\n\t<meta name=\"twitter:data2\" content=\"8 minutos\" \/>\n<script type=\"application\/ld+json\" class=\"yoast-schema-graph\">{\"@context\":\"https:\\\/\\\/schema.org\",\"@graph\":[{\"@type\":\"Article\",\"@id\":\"https:\\\/\\\/knightcenter.utexas.edu\\\/es\\\/academicos-afirman-que-la-desinformacion-presion-politica-y-disrupcion-tecnologica-estan-transformando-el-periodismo-en-america-latina\\\/#article\",\"isPartOf\":{\"@id\":\"https:\\\/\\\/knightcenter.utexas.edu\\\/es\\\/academicos-afirman-que-la-desinformacion-presion-politica-y-disrupcion-tecnologica-estan-transformando-el-periodismo-en-america-latina\\\/\"},\"author\":{\"name\":\"Andr\u00e9 Duchiade\",\"@id\":\"https:\\\/\\\/knightcenter.utexas.edu\\\/es\\\/#\\\/schema\\\/person\\\/a436764c8257b3a415d6475f138c4244\"},\"headline\":\"Acad\u00e9micos afirman que la desinformaci\u00f3n, presi\u00f3n pol\u00edtica y disrupci\u00f3n tecnol\u00f3gica est\u00e1n transformando el periodismo en Am\u00e9rica Latina\",\"datePublished\":\"2025-04-15T15:16:17+00:00\",\"mainEntityOfPage\":{\"@id\":\"https:\\\/\\\/knightcenter.utexas.edu\\\/es\\\/academicos-afirman-que-la-desinformacion-presion-politica-y-disrupcion-tecnologica-estan-transformando-el-periodismo-en-america-latina\\\/\"},\"wordCount\":1828,\"image\":{\"@id\":\"https:\\\/\\\/knightcenter.utexas.edu\\\/es\\\/academicos-afirman-que-la-desinformacion-presion-politica-y-disrupcion-tecnologica-estan-transformando-el-periodismo-en-america-latina\\\/#primaryimage\"},\"thumbnailUrl\":\"https:\\\/\\\/knightcenter.utexas.edu\\\/wp-content\\\/uploads\\\/2025\\\/04\\\/FEATURED-Investigaciones-academicas.png\",\"keywords\":[\"Coloquio Iberoamericano\"],\"articleSection\":[\"ISOJ\"],\"inLanguage\":\"es\"},{\"@type\":\"WebPage\",\"@id\":\"https:\\\/\\\/knightcenter.utexas.edu\\\/es\\\/academicos-afirman-que-la-desinformacion-presion-politica-y-disrupcion-tecnologica-estan-transformando-el-periodismo-en-america-latina\\\/\",\"url\":\"https:\\\/\\\/knightcenter.utexas.edu\\\/es\\\/academicos-afirman-que-la-desinformacion-presion-politica-y-disrupcion-tecnologica-estan-transformando-el-periodismo-en-america-latina\\\/\",\"name\":\"Acad\u00e9micos afirman que la desinformaci\u00f3n, presi\u00f3n pol\u00edtica y disrupci\u00f3n tecnol\u00f3gica est\u00e1n transformando el periodismo en Am\u00e9rica Latina | Knight Center for Journalism in the Americas\",\"isPartOf\":{\"@id\":\"https:\\\/\\\/knightcenter.utexas.edu\\\/es\\\/#website\"},\"primaryImageOfPage\":{\"@id\":\"https:\\\/\\\/knightcenter.utexas.edu\\\/es\\\/academicos-afirman-que-la-desinformacion-presion-politica-y-disrupcion-tecnologica-estan-transformando-el-periodismo-en-america-latina\\\/#primaryimage\"},\"image\":{\"@id\":\"https:\\\/\\\/knightcenter.utexas.edu\\\/es\\\/academicos-afirman-que-la-desinformacion-presion-politica-y-disrupcion-tecnologica-estan-transformando-el-periodismo-en-america-latina\\\/#primaryimage\"},\"thumbnailUrl\":\"https:\\\/\\\/knightcenter.utexas.edu\\\/wp-content\\\/uploads\\\/2025\\\/04\\\/FEATURED-Investigaciones-academicas.png\",\"datePublished\":\"2025-04-15T15:16:17+00:00\",\"author\":{\"@id\":\"https:\\\/\\\/knightcenter.utexas.edu\\\/es\\\/#\\\/schema\\\/person\\\/a436764c8257b3a415d6475f138c4244\"},\"breadcrumb\":{\"@id\":\"https:\\\/\\\/knightcenter.utexas.edu\\\/es\\\/academicos-afirman-que-la-desinformacion-presion-politica-y-disrupcion-tecnologica-estan-transformando-el-periodismo-en-america-latina\\\/#breadcrumb\"},\"inLanguage\":\"es\",\"potentialAction\":[{\"@type\":\"ReadAction\",\"target\":[\"https:\\\/\\\/knightcenter.utexas.edu\\\/es\\\/academicos-afirman-que-la-desinformacion-presion-politica-y-disrupcion-tecnologica-estan-transformando-el-periodismo-en-america-latina\\\/\"]}]},{\"@type\":\"ImageObject\",\"inLanguage\":\"es\",\"@id\":\"https:\\\/\\\/knightcenter.utexas.edu\\\/es\\\/academicos-afirman-que-la-desinformacion-presion-politica-y-disrupcion-tecnologica-estan-transformando-el-periodismo-en-america-latina\\\/#primaryimage\",\"url\":\"https:\\\/\\\/knightcenter.utexas.edu\\\/wp-content\\\/uploads\\\/2025\\\/04\\\/FEATURED-Investigaciones-academicas.png\",\"contentUrl\":\"https:\\\/\\\/knightcenter.utexas.edu\\\/wp-content\\\/uploads\\\/2025\\\/04\\\/FEATURED-Investigaciones-academicas.png\",\"width\":507,\"height\":340,\"caption\":\"Four people in a row speaking\"},{\"@type\":\"BreadcrumbList\",\"@id\":\"https:\\\/\\\/knightcenter.utexas.edu\\\/es\\\/academicos-afirman-que-la-desinformacion-presion-politica-y-disrupcion-tecnologica-estan-transformando-el-periodismo-en-america-latina\\\/#breadcrumb\",\"itemListElement\":[{\"@type\":\"ListItem\",\"position\":1,\"name\":\"Home\",\"item\":\"https:\\\/\\\/knightcenter.utexas.edu\\\/es\\\/\"},{\"@type\":\"ListItem\",\"position\":2,\"name\":\"Acad\u00e9micos afirman que la desinformaci\u00f3n, presi\u00f3n pol\u00edtica y disrupci\u00f3n tecnol\u00f3gica est\u00e1n transformando el periodismo en Am\u00e9rica Latina\"}]},{\"@type\":\"WebSite\",\"@id\":\"https:\\\/\\\/knightcenter.utexas.edu\\\/es\\\/#website\",\"url\":\"https:\\\/\\\/knightcenter.utexas.edu\\\/es\\\/\",\"name\":\"Knight Center for Journalism in the Americas\",\"description\":\"Training, resources, and news for journalists\",\"potentialAction\":[{\"@type\":\"SearchAction\",\"target\":{\"@type\":\"EntryPoint\",\"urlTemplate\":\"https:\\\/\\\/knightcenter.utexas.edu\\\/es\\\/?s={search_term_string}\"},\"query-input\":{\"@type\":\"PropertyValueSpecification\",\"valueRequired\":true,\"valueName\":\"search_term_string\"}}],\"inLanguage\":\"es\"},{\"@type\":\"Person\",\"@id\":\"https:\\\/\\\/knightcenter.utexas.edu\\\/es\\\/#\\\/schema\\\/person\\\/a436764c8257b3a415d6475f138c4244\",\"name\":\"Andr\u00e9 Duchiade\",\"image\":{\"@type\":\"ImageObject\",\"inLanguage\":\"es\",\"@id\":\"https:\\\/\\\/secure.gravatar.com\\\/avatar\\\/6fb81b443db57a5f0d3426a88f62928be45783be2dcb090302b7aa2dee69c454?s=96&d=mm&r=g\",\"url\":\"https:\\\/\\\/secure.gravatar.com\\\/avatar\\\/6fb81b443db57a5f0d3426a88f62928be45783be2dcb090302b7aa2dee69c454?s=96&d=mm&r=g\",\"contentUrl\":\"https:\\\/\\\/secure.gravatar.com\\\/avatar\\\/6fb81b443db57a5f0d3426a88f62928be45783be2dcb090302b7aa2dee69c454?s=96&d=mm&r=g\",\"caption\":\"Andr\u00e9 Duchiade\"},\"url\":\"https:\\\/\\\/knightcenter.utexas.edu\\\/es\\\/author\\\/andre-duchiade\\\/\"}]}<\/script>\n<!-- \/ Yoast SEO Premium plugin. -->","yoast_head_json":{"title":"Acad\u00e9micos afirman que la desinformaci\u00f3n, presi\u00f3n pol\u00edtica y disrupci\u00f3n tecnol\u00f3gica est\u00e1n transformando el periodismo en Am\u00e9rica Latina | Knight Center for Journalism in the Americas","robots":{"index":"index","follow":"follow","max-snippet":"max-snippet:-1","max-image-preview":"max-image-preview:large","max-video-preview":"max-video-preview:-1"},"canonical":"https:\/\/knightcenter.utexas.edu\/es\/academicos-afirman-que-la-desinformacion-presion-politica-y-disrupcion-tecnologica-estan-transformando-el-periodismo-en-america-latina\/","og_locale":"es_ES","og_type":"article","og_title":"Acad\u00e9micos afirman que la desinformaci\u00f3n, presi\u00f3n pol\u00edtica y disrupci\u00f3n tecnol\u00f3gica est\u00e1n transformando el periodismo en Am\u00e9rica Latina","og_description":"Acad\u00e9micos advierten que la libertad de prensa en Am\u00e9rica Latina se ve amenazada no solo por las dictaduras, sino tambi\u00e9n por gobiernos democr\u00e1ticos y el acaparamiento de medios. En el Coloquio Iberoamericano de Periodismo Digital, hicieron un llamado a respuestas innovadoras y colaborativas.","og_url":"https:\/\/knightcenter.utexas.edu\/es\/academicos-afirman-que-la-desinformacion-presion-politica-y-disrupcion-tecnologica-estan-transformando-el-periodismo-en-america-latina\/","og_site_name":"Knight Center for Journalism in the Americas","article_published_time":"2025-04-15T15:16:17+00:00","og_image":[{"width":507,"height":340,"url":"https:\/\/knightcenter.utexas.edu\/wp-content\/uploads\/2025\/04\/FEATURED-Investigaciones-academicas.png","type":"image\/png"}],"author":"Andr\u00e9 Duchiade","twitter_card":"summary_large_image","twitter_misc":{"Written by":"Andr\u00e9 Duchiade","Est. reading time":"8 minutos"},"schema":{"@context":"https:\/\/schema.org","@graph":[{"@type":"Article","@id":"https:\/\/knightcenter.utexas.edu\/es\/academicos-afirman-que-la-desinformacion-presion-politica-y-disrupcion-tecnologica-estan-transformando-el-periodismo-en-america-latina\/#article","isPartOf":{"@id":"https:\/\/knightcenter.utexas.edu\/es\/academicos-afirman-que-la-desinformacion-presion-politica-y-disrupcion-tecnologica-estan-transformando-el-periodismo-en-america-latina\/"},"author":{"name":"Andr\u00e9 Duchiade","@id":"https:\/\/knightcenter.utexas.edu\/es\/#\/schema\/person\/a436764c8257b3a415d6475f138c4244"},"headline":"Acad\u00e9micos afirman que la desinformaci\u00f3n, presi\u00f3n pol\u00edtica y disrupci\u00f3n tecnol\u00f3gica est\u00e1n transformando el periodismo en Am\u00e9rica Latina","datePublished":"2025-04-15T15:16:17+00:00","mainEntityOfPage":{"@id":"https:\/\/knightcenter.utexas.edu\/es\/academicos-afirman-que-la-desinformacion-presion-politica-y-disrupcion-tecnologica-estan-transformando-el-periodismo-en-america-latina\/"},"wordCount":1828,"image":{"@id":"https:\/\/knightcenter.utexas.edu\/es\/academicos-afirman-que-la-desinformacion-presion-politica-y-disrupcion-tecnologica-estan-transformando-el-periodismo-en-america-latina\/#primaryimage"},"thumbnailUrl":"https:\/\/knightcenter.utexas.edu\/wp-content\/uploads\/2025\/04\/FEATURED-Investigaciones-academicas.png","keywords":["Coloquio Iberoamericano"],"articleSection":["ISOJ"],"inLanguage":"es"},{"@type":"WebPage","@id":"https:\/\/knightcenter.utexas.edu\/es\/academicos-afirman-que-la-desinformacion-presion-politica-y-disrupcion-tecnologica-estan-transformando-el-periodismo-en-america-latina\/","url":"https:\/\/knightcenter.utexas.edu\/es\/academicos-afirman-que-la-desinformacion-presion-politica-y-disrupcion-tecnologica-estan-transformando-el-periodismo-en-america-latina\/","name":"Acad\u00e9micos afirman que la desinformaci\u00f3n, presi\u00f3n pol\u00edtica y disrupci\u00f3n tecnol\u00f3gica est\u00e1n transformando el periodismo en Am\u00e9rica Latina | Knight Center for Journalism in the Americas","isPartOf":{"@id":"https:\/\/knightcenter.utexas.edu\/es\/#website"},"primaryImageOfPage":{"@id":"https:\/\/knightcenter.utexas.edu\/es\/academicos-afirman-que-la-desinformacion-presion-politica-y-disrupcion-tecnologica-estan-transformando-el-periodismo-en-america-latina\/#primaryimage"},"image":{"@id":"https:\/\/knightcenter.utexas.edu\/es\/academicos-afirman-que-la-desinformacion-presion-politica-y-disrupcion-tecnologica-estan-transformando-el-periodismo-en-america-latina\/#primaryimage"},"thumbnailUrl":"https:\/\/knightcenter.utexas.edu\/wp-content\/uploads\/2025\/04\/FEATURED-Investigaciones-academicas.png","datePublished":"2025-04-15T15:16:17+00:00","author":{"@id":"https:\/\/knightcenter.utexas.edu\/es\/#\/schema\/person\/a436764c8257b3a415d6475f138c4244"},"breadcrumb":{"@id":"https:\/\/knightcenter.utexas.edu\/es\/academicos-afirman-que-la-desinformacion-presion-politica-y-disrupcion-tecnologica-estan-transformando-el-periodismo-en-america-latina\/#breadcrumb"},"inLanguage":"es","potentialAction":[{"@type":"ReadAction","target":["https:\/\/knightcenter.utexas.edu\/es\/academicos-afirman-que-la-desinformacion-presion-politica-y-disrupcion-tecnologica-estan-transformando-el-periodismo-en-america-latina\/"]}]},{"@type":"ImageObject","inLanguage":"es","@id":"https:\/\/knightcenter.utexas.edu\/es\/academicos-afirman-que-la-desinformacion-presion-politica-y-disrupcion-tecnologica-estan-transformando-el-periodismo-en-america-latina\/#primaryimage","url":"https:\/\/knightcenter.utexas.edu\/wp-content\/uploads\/2025\/04\/FEATURED-Investigaciones-academicas.png","contentUrl":"https:\/\/knightcenter.utexas.edu\/wp-content\/uploads\/2025\/04\/FEATURED-Investigaciones-academicas.png","width":507,"height":340,"caption":"Four people in a row speaking"},{"@type":"BreadcrumbList","@id":"https:\/\/knightcenter.utexas.edu\/es\/academicos-afirman-que-la-desinformacion-presion-politica-y-disrupcion-tecnologica-estan-transformando-el-periodismo-en-america-latina\/#breadcrumb","itemListElement":[{"@type":"ListItem","position":1,"name":"Home","item":"https:\/\/knightcenter.utexas.edu\/es\/"},{"@type":"ListItem","position":2,"name":"Acad\u00e9micos afirman que la desinformaci\u00f3n, presi\u00f3n pol\u00edtica y disrupci\u00f3n tecnol\u00f3gica est\u00e1n transformando el periodismo en Am\u00e9rica Latina"}]},{"@type":"WebSite","@id":"https:\/\/knightcenter.utexas.edu\/es\/#website","url":"https:\/\/knightcenter.utexas.edu\/es\/","name":"Knight Center for Journalism in the Americas","description":"Training, resources, and news for journalists","potentialAction":[{"@type":"SearchAction","target":{"@type":"EntryPoint","urlTemplate":"https:\/\/knightcenter.utexas.edu\/es\/?s={search_term_string}"},"query-input":{"@type":"PropertyValueSpecification","valueRequired":true,"valueName":"search_term_string"}}],"inLanguage":"es"},{"@type":"Person","@id":"https:\/\/knightcenter.utexas.edu\/es\/#\/schema\/person\/a436764c8257b3a415d6475f138c4244","name":"Andr\u00e9 Duchiade","image":{"@type":"ImageObject","inLanguage":"es","@id":"https:\/\/secure.gravatar.com\/avatar\/6fb81b443db57a5f0d3426a88f62928be45783be2dcb090302b7aa2dee69c454?s=96&d=mm&r=g","url":"https:\/\/secure.gravatar.com\/avatar\/6fb81b443db57a5f0d3426a88f62928be45783be2dcb090302b7aa2dee69c454?s=96&d=mm&r=g","contentUrl":"https:\/\/secure.gravatar.com\/avatar\/6fb81b443db57a5f0d3426a88f62928be45783be2dcb090302b7aa2dee69c454?s=96&d=mm&r=g","caption":"Andr\u00e9 Duchiade"},"url":"https:\/\/knightcenter.utexas.edu\/es\/author\/andre-duchiade\/"}]}},"_links":{"self":[{"href":"https:\/\/knightcenter.utexas.edu\/es\/wp-json\/wp\/v2\/posts\/85709","targetHints":{"allow":["GET"]}}],"collection":[{"href":"https:\/\/knightcenter.utexas.edu\/es\/wp-json\/wp\/v2\/posts"}],"about":[{"href":"https:\/\/knightcenter.utexas.edu\/es\/wp-json\/wp\/v2\/types\/post"}],"author":[{"embeddable":true,"href":"https:\/\/knightcenter.utexas.edu\/es\/wp-json\/wp\/v2\/users\/30"}],"replies":[{"embeddable":true,"href":"https:\/\/knightcenter.utexas.edu\/es\/wp-json\/wp\/v2\/comments?post=85709"}],"version-history":[{"count":1,"href":"https:\/\/knightcenter.utexas.edu\/es\/wp-json\/wp\/v2\/posts\/85709\/revisions"}],"predecessor-version":[{"id":85712,"href":"https:\/\/knightcenter.utexas.edu\/es\/wp-json\/wp\/v2\/posts\/85709\/revisions\/85712"}],"wp:featuredmedia":[{"embeddable":true,"href":"https:\/\/knightcenter.utexas.edu\/es\/wp-json\/wp\/v2\/media\/85707"}],"wp:attachment":[{"href":"https:\/\/knightcenter.utexas.edu\/es\/wp-json\/wp\/v2\/media?parent=85709"}],"wp:term":[{"taxonomy":"category","embeddable":true,"href":"https:\/\/knightcenter.utexas.edu\/es\/wp-json\/wp\/v2\/categories?post=85709"},{"taxonomy":"post_tag","embeddable":true,"href":"https:\/\/knightcenter.utexas.edu\/es\/wp-json\/wp\/v2\/tags?post=85709"}],"curies":[{"name":"wp","href":"https:\/\/api.w.org\/{rel}","templated":true}]}}