{"id":100723,"date":"2026-09-04T14:20:44","date_gmt":"2026-09-04T19:20:44","guid":{"rendered":"https:\/\/knightcenter.utexas.edu\/?p=100723"},"modified":"2026-09-04T14:27:14","modified_gmt":"2026-09-04T19:27:14","slug":"carmen-aristegui-referencia-no-jornalismo-mexicano-sera-a-principal-palestrante-do-coloquio-ibero-americano-de-jornalismo","status":"publish","type":"post","link":"https:\/\/knightcenter.utexas.edu\/pt-br\/carmen-aristegui-referencia-no-jornalismo-mexicano-sera-a-principal-palestrante-do-coloquio-ibero-americano-de-jornalismo\/","title":{"rendered":"Carmen Aristegui, refer\u00eancia no jornalismo mexicano, ser\u00e1 a principal palestrante do Col\u00f3quio Ibero-Americano de Jornalismo"},"content":{"rendered":"<p><span style=\"font-weight: 400;\"><img loading=\"lazy\" decoding=\"async\" class=\"size-medium wp-image-100718 alignleft\" src=\"https:\/\/knightcenter.utexas.edu\/wp-content\/uploads\/2026\/09\/Carmen-Aristegui-300x300.png\" alt=\"Carmen Aristegui\" width=\"300\" height=\"300\" srcset=\"https:\/\/knightcenter.utexas.edu\/wp-content\/uploads\/2026\/09\/Carmen-Aristegui-300x300.png 300w, https:\/\/knightcenter.utexas.edu\/wp-content\/uploads\/2026\/09\/Carmen-Aristegui-150x150.png 150w, https:\/\/knightcenter.utexas.edu\/wp-content\/uploads\/2026\/09\/Carmen-Aristegui-768x768.png 768w, https:\/\/knightcenter.utexas.edu\/wp-content\/uploads\/2026\/09\/Carmen-Aristegui.png 853w\" sizes=\"auto, (max-width: 300px) 100vw, 300px\" \/>A premiada jornalista Carmen Aristegui, uma das vozes mais influentes do M\u00e9xico e respons\u00e1vel por algumas das investiga\u00e7\u00f5es mais explosivas dos \u00faltimos 15 anos, far\u00e1 o discurso principal no <\/span><a href=\"https:\/\/isoj.org\/coloquio\/\"><span style=\"font-weight: 400;\">19\u00ba Col\u00f3quio Ibero-Americano de Jornalismo<\/span><\/a><span style=\"font-weight: 400;\">, anunciou na quarta-feira o Knight Center for Journalism in the Americas.<\/span><\/p>\n<p><span style=\"font-weight: 400;\">O Col\u00f3quio acontecer\u00e1 em 19 de setembro de 2026, um dia ap\u00f3s o <\/span><a href=\"https:\/\/isoj.org\/symposia\/2026\/\"><span style=\"font-weight: 400;\">27\u00ba Simp\u00f3sio Internacional de Jornalismo (ISOJ)<\/span><\/a><span style=\"font-weight: 400;\">. Ambas as confer\u00eancias s\u00e3o organizadas pelo Knight Center e ser\u00e3o realizadas na The University of Texas at Austin.<\/span><\/p>\n<p><span style=\"font-weight: 400;\">\u00c9 necess\u00e1rio se inscrever no ISOJ para participar do Col\u00f3quio. <\/span><a href=\"https:\/\/cvent.utexas.edu\/event\/66660781-45a7-4dba-b752-dab78f2f11d6\/regProcessStep1\"><span style=\"font-weight: 400;\">Clique aqui<\/span><\/a> para se inscrever para participar presencialmente ou virtualmente e depois se inscreva no Col\u00f3quio<span style=\"font-weight: 400;\">. Os participantes inscritos para participar virtualmente do ISOJ e do Col\u00f3quio poder\u00e3o receber um certificado de participa\u00e7\u00e3o do Knight Center.<\/span><\/p>\n<p>Aristegui tem mais de tr\u00eas d\u00e9cadas de experi\u00eancia em r\u00e1dio, televis\u00e3o e m\u00eddia digital. Recentemente, encerrou seu programa na CNN en Espa\u00f1ol ap\u00f3s 20 anos no ar, uma colabora\u00e7\u00e3o que ampliou seu p\u00fablico em toda a Am\u00e9rica Latina e nos Estados Unidos. Em 2012, fundou a <u><span draggable=\"true\"><a href=\"https:\/\/aristeguinoticias.com\/\" target=\"_blank\" rel=\"noopener noreferrer\">Aristegui Noticias<span class=\"sr-only\">(opens in new tab)<\/span><\/a><\/span><\/u>, uma plataforma de jornal\u00edstica independente conhecida por suas investiga\u00e7\u00f5es sobre pol\u00edtica, corrup\u00e7\u00e3o e abusos de poder.<\/p>\n<p>Aristegui lan\u00e7ou o site de not\u00edcias depois de publicar, em 2014, uma investiga\u00e7\u00e3o sobre a chamada <u><span draggable=\"true\"><a href=\"https:\/\/aristeguinoticias.com\/0911\/mexico\/la-casa-blanca-de-enrique-pena-nieto\/\" target=\"_blank\" rel=\"noopener noreferrer\">Casa Branca do ex-presidente mexicano Enrique Pe\u00f1a Nieto<span class=\"sr-only\">(opens in new tab)<\/span><\/a><\/span><\/u>. A equipe de Aristegui revelou que a mans\u00e3o multimilion\u00e1ria onde Pe\u00f1a Nieto morava estava legalmente registrada em nome de uma imobili\u00e1ria pertencente a um amigo do presidente e empreiteiro contratado pelo governo. Ap\u00f3s o reportagem, sua antiga emissora <u><span draggable=\"true\"><a href=\"https:\/\/fundaciongabo.org\/es\/etica-periodistica\/blogs\/los-10-momentos-claves-del-conflicto-aristegui-mvs-radio\" target=\"_blank\" rel=\"noopener noreferrer\">demitiu dois integrantes de sua equipe<span class=\"sr-only\">(opens in new tab)<\/span><\/a><\/span><\/u>. A emissora <u><span draggable=\"true\"><a href=\"https:\/\/latamjournalismreview.org\/pt-br\/articles\/demissao-de-apresentadora-de-radio-e-sua-equipe-gera-polemica-sobre-liberdade-de-expressao-no-mexico\/\" target=\"_blank\" rel=\"noopener noreferrer\">tamb\u00e9m demitiu Aristegui<span class=\"sr-only\">(opens in new tab)<\/span><\/a><\/span><\/u> depois que a jornalista exigiu a reintegra\u00e7\u00e3o de seus colegas.<\/p>\n<p>Sua equipe frequentemente enfrentou cr\u00edticas, press\u00e3o e ataques, incluindo tentativas de <u><span draggable=\"true\"><a href=\"https:\/\/citizenlab.ca\/research\/reckless-exploit-mexico-nso\/?utm_source=chatgpt.com\" target=\"_blank\" rel=\"noopener noreferrer\">espionagem online<span class=\"sr-only\">(opens in new tab)<\/span><\/a><\/span><\/u>\u00a0e <u><span draggable=\"true\"><a href=\"https:\/\/latamjournalismreview.org\/pt-br\/articles\/jornalista-mexicana-carmen-aristegui-denuncia-roubo-campanha-de-difamacao-e-ameacas-de-morte\/\" target=\"_blank\" rel=\"noopener noreferrer\">ataques \u00e0 sua reda\u00e7\u00e3o<span class=\"sr-only\">(opens in new tab)<\/span><\/a><\/span><\/u>. Seu trabalho recebeu in\u00fameras honrarias, incluindo o Pr\u00eamio Mar\u00eda Moors Cabot de 2008 e o Pr\u00eamio Internacional de Jornalismo Investigativo do El Confidencial, entregue pelo Rei e pela Rainha da Espanha este ano pela investiga\u00e7\u00e3o <u><span draggable=\"true\"><a href=\"https:\/\/aristeguinoticias.com\/270425\/investigaciones-especiales\/televisaleaks-la-fabrica-de-mentiras-manipulacion-y-guerra-sucia\/\" target=\"_blank\" rel=\"noopener noreferrer\">Televisa Leaks<span class=\"sr-only\">(opens in new tab)<\/span><\/a><\/span><\/u>. Nesse reportagem, a equipe de Aristegui revelou documentos vazados que <u><span draggable=\"true\"><a href=\"https:\/\/latamjournalismreview.org\/pt-br\/articles\/televisa-es-acusada-de-dirigir-una-red-secreta-de-noticias-falsas-para-desprestigiar-a-sus-rivales\/\" target=\"_blank\" rel=\"noopener noreferrer\">descreviam a fabrica\u00e7\u00e3o de not\u00edcias, campanhas de difama\u00e7\u00e3o e manipula\u00e7\u00e3o de informa\u00e7\u00f5es supostamente orquestradas pela emissora mexicana Televisa<span class=\"sr-only\">(opens in new tab)<\/span><\/a><\/span><\/u>.<\/p>\n<p><span style=\"font-weight: 400;\">\u201cSer\u00e1 uma grande honra para n\u00f3s receber no Col\u00f3quio Ibero-Americano de Jornalismo uma das mais importantes jornalistas mexicanas, respeitada e admirada n\u00e3o apenas em seu pa\u00eds, mas em toda a Ibero-Am\u00e9rica por sua coragem e compet\u00eancia profissional, fundamentadas em valores \u00e9ticos e nas melhores t\u00e9cnicas de investiga\u00e7\u00e3o\u201d, disse Rosental Calmon Alves, fundador e diretor do Knight Center.<\/span><\/p>\n<p><span style=\"font-weight: 400;\">Ele acrescentou: \u201cCarmen Aristegui tem sido uma inspira\u00e7\u00e3o para novas gera\u00e7\u00f5es de jornalistas por meio de seus programas de r\u00e1dio e televis\u00e3o, seu site de not\u00edcias, seu estilo de entrevista e sua coragem para liderar e publicar investiga\u00e7\u00f5es que exp\u00f5em a corrup\u00e7\u00e3o, baseadas em informa\u00e7\u00f5es t\u00e3o minuciosamente verificadas que s\u00e3o indiscut\u00edveis.\u201d<\/span><\/p>\n<p><span style=\"font-weight: 400;\">Aristegui abrir\u00e1 o Col\u00f3quio, uma confer\u00eancia em l\u00edngua espanhola que, desde 2008, re\u00fane jornalistas e l\u00edderes de m\u00eddia da Am\u00e9rica Latina, do Caribe, da Espanha e de Portugal para discutir seus desafios comuns.<\/span><\/p>\n<p><span style=\"font-weight: 400;\">O Col\u00f3quio deste ano contar\u00e1 com apresenta\u00e7\u00f5es de outros l\u00edderes do jornalismo ibero-americano, incluindo Alfredo Corchado, diretor executivo da <\/span><a href=\"https:\/\/puentenews.org\/\"><span style=\"font-weight: 400;\">Puente News Collaborative<\/span><\/a><span style=\"font-weight: 400;\"> (EUA); Jos\u00e9 Zamora, diretor regional para as Am\u00e9ricas do <\/span><a href=\"https:\/\/cpj.org\/es\/\"><span style=\"font-weight: 400;\">Committee to Protect Journalists<\/span><\/a><span style=\"font-weight: 400;\">; Roberto Rock, fundador e diretor da <\/span><a href=\"https:\/\/lasillarota.com\/\"><span style=\"font-weight: 400;\">La Silla Rota<\/span><\/a><span style=\"font-weight: 400;\"> (M\u00e9xico); Laura Aguirre, cofundadora e diretora estrat\u00e9gica da <\/span><a href=\"https:\/\/www.alharaca.sv\/\"><span style=\"font-weight: 400;\">Alharaca<\/span><\/a><span style=\"font-weight: 400;\"> (El Salvador\/Alemanha); e Clavel Rangel Jim\u00e9nez, cofundadora da <\/span><a href=\"https:\/\/redamazonia.org\/home-2-0\/\"><span style=\"font-weight: 400;\">Amazonian Venezuelan Journalists Network<\/span><\/a><span style=\"font-weight: 400;\"> (Venezuela).<\/span><\/p>\n<p><span style=\"font-weight: 400;\">A confer\u00eancia se concentrar\u00e1 em temas como sustentabilidade, lan\u00e7amento de organiza\u00e7\u00f5es de not\u00edcias independentes, cobertura da fronteira entre EUA e M\u00e9xico, desinforma\u00e7\u00e3o e checagem de fatos na era da intelig\u00eancia artificial e jornalismo de solu\u00e7\u00f5es, entre outros.<\/span><\/p>\n<p><span style=\"font-weight: 400;\">O Col\u00f3quio dar\u00e1 continuidade \u00e0s discuss\u00f5es iniciadas durante o ISOJ, que este ano acontecer\u00e1 de 17 a 18 de setembro e ter\u00e1 como foco duas das quest\u00f5es mais urgentes enfrentadas pelo jornalismo: fortalecer a confian\u00e7a do p\u00fablico em um momento cr\u00edtico para as democracias em todo o mundo e o futuro das not\u00edcias na era da intelig\u00eancia artificial.<\/span><\/p>\n<p><span style=\"font-weight: 400;\">O ISOJ oferecer\u00e1 interpreta\u00e7\u00e3o simult\u00e2nea do ingl\u00eas para o espanhol para participantes presenciais e virtuais. O Col\u00f3quio ser\u00e1 realizado inteiramente em espanhol, sem interpreta\u00e7\u00e3o.<\/span><\/p>\n","protected":false},"excerpt":{"rendered":"<p>A premiada jornalista Carmen Aristegui, uma das vozes mais influentes do M\u00e9xico e respons\u00e1vel por algumas das investiga\u00e7\u00f5es mais explosivas dos \u00faltimos 15 anos, far\u00e1 o discurso principal no 19\u00ba Col\u00f3quio Ibero-Americano de Jornalismo, anunciou na quarta-feira o Knight Center for Journalism in the Americas. O Col\u00f3quio acontecer\u00e1 em 19 de setembro de 2026, um [&hellip;]<\/p>\n","protected":false},"author":24,"featured_media":100725,"comment_status":"closed","ping_status":"closed","sticky":false,"template":"","format":"standard","meta":{"_acf_changed":false,"inline_featured_image":false,"footnotes":""},"categories":[124,126],"tags":[205,147],"class_list":["post-100723","post","type-post","status-publish","format-standard","has-post-thumbnail","hentry","category-isoj-pt-br","category-journalism-courses-pt-br","tag-coloquio-ibero-americano","tag-isoj-pt-br"],"acf":[],"yoast_head":"<!-- This site is optimized with the Yoast SEO Premium plugin v24.4 (Yoast SEO v28.3) - https:\/\/yoast.com\/product\/yoast-seo-premium-wordpress\/ -->\n<title>Carmen Aristegui, refer\u00eancia no jornalismo mexicano, ser\u00e1 a principal palestrante do Col\u00f3quio Ibero-Americano de Jornalismo | Knight Center for Journalism in the Americas<\/title>\n<meta name=\"robots\" content=\"index, follow, max-snippet:-1, max-image-preview:large, max-video-preview:-1\" \/>\n<link rel=\"canonical\" href=\"https:\/\/knightcenter.utexas.edu\/pt-br\/carmen-aristegui-referencia-no-jornalismo-mexicano-sera-a-principal-palestrante-do-coloquio-ibero-americano-de-jornalismo\/\" \/>\n<meta property=\"og:locale\" content=\"pt_BR\" \/>\n<meta property=\"og:type\" content=\"article\" \/>\n<meta property=\"og:title\" content=\"Carmen Aristegui, refer\u00eancia no jornalismo mexicano, ser\u00e1 a principal palestrante do Col\u00f3quio Ibero-Americano de Jornalismo\" \/>\n<meta property=\"og:description\" content=\"A premiada jornalista Carmen Aristegui, uma das vozes mais influentes do M\u00e9xico e respons\u00e1vel por algumas das investiga\u00e7\u00f5es mais explosivas dos \u00faltimos 15 anos, far\u00e1 o discurso principal no 19\u00ba Col\u00f3quio Ibero-Americano de Jornalismo, anunciou na quarta-feira o Knight Center for Journalism in the Americas. O Col\u00f3quio acontecer\u00e1 em 19 de setembro de 2026, um [&hellip;]\" \/>\n<meta property=\"og:url\" content=\"https:\/\/knightcenter.utexas.edu\/pt-br\/carmen-aristegui-referencia-no-jornalismo-mexicano-sera-a-principal-palestrante-do-coloquio-ibero-americano-de-jornalismo\/\" \/>\n<meta property=\"og:site_name\" content=\"Knight Center for Journalism in the Americas\" \/>\n<meta property=\"article:published_time\" content=\"2026-09-04T19:20:44+00:00\" \/>\n<meta property=\"article:modified_time\" content=\"2026-09-04T19:27:14+00:00\" \/>\n<meta property=\"og:image\" content=\"https:\/\/knightcenter.utexas.edu\/wp-content\/uploads\/2026\/09\/Carmen-thumb.png\" \/>\n\t<meta property=\"og:image:width\" content=\"600\" \/>\n\t<meta property=\"og:image:height\" content=\"400\" \/>\n\t<meta property=\"og:image:type\" content=\"image\/png\" \/>\n<meta name=\"author\" content=\"Michael Bartnett\" \/>\n<meta name=\"twitter:card\" content=\"summary_large_image\" \/>\n<meta name=\"twitter:label1\" content=\"Written by\" \/>\n\t<meta name=\"twitter:data1\" content=\"Michael Bartnett\" \/>\n\t<meta name=\"twitter:label2\" content=\"Est. reading time\" \/>\n\t<meta name=\"twitter:data2\" content=\"4 minutos\" \/>\n<script type=\"application\/ld+json\" class=\"yoast-schema-graph\">{\"@context\":\"https:\\\/\\\/schema.org\",\"@graph\":[{\"@type\":\"Article\",\"@id\":\"https:\\\/\\\/knightcenter.utexas.edu\\\/pt-br\\\/carmen-aristegui-referencia-no-jornalismo-mexicano-sera-a-principal-palestrante-do-coloquio-ibero-americano-de-jornalismo\\\/#article\",\"isPartOf\":{\"@id\":\"https:\\\/\\\/knightcenter.utexas.edu\\\/pt-br\\\/carmen-aristegui-referencia-no-jornalismo-mexicano-sera-a-principal-palestrante-do-coloquio-ibero-americano-de-jornalismo\\\/\"},\"author\":{\"name\":\"Michael Bartnett\",\"@id\":\"https:\\\/\\\/knightcenter.utexas.edu\\\/pt-br\\\/#\\\/schema\\\/person\\\/edb4560694cae7ddfe8b5c801c0d123f\"},\"headline\":\"Carmen Aristegui, refer\u00eancia no jornalismo mexicano, ser\u00e1 a principal palestrante do Col\u00f3quio Ibero-Americano de Jornalismo\",\"datePublished\":\"2026-09-04T19:20:44+00:00\",\"dateModified\":\"2026-09-04T19:27:14+00:00\",\"mainEntityOfPage\":{\"@id\":\"https:\\\/\\\/knightcenter.utexas.edu\\\/pt-br\\\/carmen-aristegui-referencia-no-jornalismo-mexicano-sera-a-principal-palestrante-do-coloquio-ibero-americano-de-jornalismo\\\/\"},\"wordCount\":830,\"image\":{\"@id\":\"https:\\\/\\\/knightcenter.utexas.edu\\\/pt-br\\\/carmen-aristegui-referencia-no-jornalismo-mexicano-sera-a-principal-palestrante-do-coloquio-ibero-americano-de-jornalismo\\\/#primaryimage\"},\"thumbnailUrl\":\"https:\\\/\\\/knightcenter.utexas.edu\\\/wp-content\\\/uploads\\\/2026\\\/09\\\/Carmen-thumb.png\",\"keywords\":[\"Col\u00f3quio Ibero-Americano\",\"ISOJ\"],\"articleSection\":[\"ISOJ\",\"Journalism Courses\"],\"inLanguage\":\"pt-BR\"},{\"@type\":\"WebPage\",\"@id\":\"https:\\\/\\\/knightcenter.utexas.edu\\\/pt-br\\\/carmen-aristegui-referencia-no-jornalismo-mexicano-sera-a-principal-palestrante-do-coloquio-ibero-americano-de-jornalismo\\\/\",\"url\":\"https:\\\/\\\/knightcenter.utexas.edu\\\/pt-br\\\/carmen-aristegui-referencia-no-jornalismo-mexicano-sera-a-principal-palestrante-do-coloquio-ibero-americano-de-jornalismo\\\/\",\"name\":\"Carmen Aristegui, refer\u00eancia no jornalismo mexicano, ser\u00e1 a principal palestrante do Col\u00f3quio Ibero-Americano de Jornalismo | Knight Center for Journalism in the Americas\",\"isPartOf\":{\"@id\":\"https:\\\/\\\/knightcenter.utexas.edu\\\/pt-br\\\/#website\"},\"primaryImageOfPage\":{\"@id\":\"https:\\\/\\\/knightcenter.utexas.edu\\\/pt-br\\\/carmen-aristegui-referencia-no-jornalismo-mexicano-sera-a-principal-palestrante-do-coloquio-ibero-americano-de-jornalismo\\\/#primaryimage\"},\"image\":{\"@id\":\"https:\\\/\\\/knightcenter.utexas.edu\\\/pt-br\\\/carmen-aristegui-referencia-no-jornalismo-mexicano-sera-a-principal-palestrante-do-coloquio-ibero-americano-de-jornalismo\\\/#primaryimage\"},\"thumbnailUrl\":\"https:\\\/\\\/knightcenter.utexas.edu\\\/wp-content\\\/uploads\\\/2026\\\/09\\\/Carmen-thumb.png\",\"datePublished\":\"2026-09-04T19:20:44+00:00\",\"dateModified\":\"2026-09-04T19:27:14+00:00\",\"author\":{\"@id\":\"https:\\\/\\\/knightcenter.utexas.edu\\\/pt-br\\\/#\\\/schema\\\/person\\\/edb4560694cae7ddfe8b5c801c0d123f\"},\"breadcrumb\":{\"@id\":\"https:\\\/\\\/knightcenter.utexas.edu\\\/pt-br\\\/carmen-aristegui-referencia-no-jornalismo-mexicano-sera-a-principal-palestrante-do-coloquio-ibero-americano-de-jornalismo\\\/#breadcrumb\"},\"inLanguage\":\"pt-BR\",\"potentialAction\":[{\"@type\":\"ReadAction\",\"target\":[\"https:\\\/\\\/knightcenter.utexas.edu\\\/pt-br\\\/carmen-aristegui-referencia-no-jornalismo-mexicano-sera-a-principal-palestrante-do-coloquio-ibero-americano-de-jornalismo\\\/\"]}]},{\"@type\":\"ImageObject\",\"inLanguage\":\"pt-BR\",\"@id\":\"https:\\\/\\\/knightcenter.utexas.edu\\\/pt-br\\\/carmen-aristegui-referencia-no-jornalismo-mexicano-sera-a-principal-palestrante-do-coloquio-ibero-americano-de-jornalismo\\\/#primaryimage\",\"url\":\"https:\\\/\\\/knightcenter.utexas.edu\\\/wp-content\\\/uploads\\\/2026\\\/09\\\/Carmen-thumb.png\",\"contentUrl\":\"https:\\\/\\\/knightcenter.utexas.edu\\\/wp-content\\\/uploads\\\/2026\\\/09\\\/Carmen-thumb.png\",\"width\":600,\"height\":400,\"caption\":\"Carmen Aristegui\"},{\"@type\":\"BreadcrumbList\",\"@id\":\"https:\\\/\\\/knightcenter.utexas.edu\\\/pt-br\\\/carmen-aristegui-referencia-no-jornalismo-mexicano-sera-a-principal-palestrante-do-coloquio-ibero-americano-de-jornalismo\\\/#breadcrumb\",\"itemListElement\":[{\"@type\":\"ListItem\",\"position\":1,\"name\":\"Home\",\"item\":\"https:\\\/\\\/knightcenter.utexas.edu\\\/pt-br\\\/\"},{\"@type\":\"ListItem\",\"position\":2,\"name\":\"Carmen Aristegui, refer\u00eancia no jornalismo mexicano, ser\u00e1 a principal palestrante do Col\u00f3quio Ibero-Americano de Jornalismo\"}]},{\"@type\":\"WebSite\",\"@id\":\"https:\\\/\\\/knightcenter.utexas.edu\\\/pt-br\\\/#website\",\"url\":\"https:\\\/\\\/knightcenter.utexas.edu\\\/pt-br\\\/\",\"name\":\"Knight Center for Journalism in the Americas\",\"description\":\"Training, resources, and news for journalists\",\"potentialAction\":[{\"@type\":\"SearchAction\",\"target\":{\"@type\":\"EntryPoint\",\"urlTemplate\":\"https:\\\/\\\/knightcenter.utexas.edu\\\/pt-br\\\/?s={search_term_string}\"},\"query-input\":{\"@type\":\"PropertyValueSpecification\",\"valueRequired\":true,\"valueName\":\"search_term_string\"}}],\"inLanguage\":\"pt-BR\"},{\"@type\":\"Person\",\"@id\":\"https:\\\/\\\/knightcenter.utexas.edu\\\/pt-br\\\/#\\\/schema\\\/person\\\/edb4560694cae7ddfe8b5c801c0d123f\",\"name\":\"Michael Bartnett\",\"image\":{\"@type\":\"ImageObject\",\"inLanguage\":\"pt-BR\",\"@id\":\"https:\\\/\\\/secure.gravatar.com\\\/avatar\\\/96259e89e2fdafa16e8368d25dae650e9969cb8815e42facafd222ab0cab1a93?s=96&d=mm&r=g\",\"url\":\"https:\\\/\\\/secure.gravatar.com\\\/avatar\\\/96259e89e2fdafa16e8368d25dae650e9969cb8815e42facafd222ab0cab1a93?s=96&d=mm&r=g\",\"contentUrl\":\"https:\\\/\\\/secure.gravatar.com\\\/avatar\\\/96259e89e2fdafa16e8368d25dae650e9969cb8815e42facafd222ab0cab1a93?s=96&d=mm&r=g\",\"caption\":\"Michael Bartnett\"},\"url\":\"https:\\\/\\\/knightcenter.utexas.edu\\\/pt-br\\\/author\\\/michael-bartnett\\\/\"}]}<\/script>\n<!-- \/ Yoast SEO Premium plugin. -->","yoast_head_json":{"title":"Carmen Aristegui, refer\u00eancia no jornalismo mexicano, ser\u00e1 a principal palestrante do Col\u00f3quio Ibero-Americano de Jornalismo | Knight Center for Journalism in the Americas","robots":{"index":"index","follow":"follow","max-snippet":"max-snippet:-1","max-image-preview":"max-image-preview:large","max-video-preview":"max-video-preview:-1"},"canonical":"https:\/\/knightcenter.utexas.edu\/pt-br\/carmen-aristegui-referencia-no-jornalismo-mexicano-sera-a-principal-palestrante-do-coloquio-ibero-americano-de-jornalismo\/","og_locale":"pt_BR","og_type":"article","og_title":"Carmen Aristegui, refer\u00eancia no jornalismo mexicano, ser\u00e1 a principal palestrante do Col\u00f3quio Ibero-Americano de Jornalismo","og_description":"A premiada jornalista Carmen Aristegui, uma das vozes mais influentes do M\u00e9xico e respons\u00e1vel por algumas das investiga\u00e7\u00f5es mais explosivas dos \u00faltimos 15 anos, far\u00e1 o discurso principal no 19\u00ba Col\u00f3quio Ibero-Americano de Jornalismo, anunciou na quarta-feira o Knight Center for Journalism in the Americas. O Col\u00f3quio acontecer\u00e1 em 19 de setembro de 2026, um [&hellip;]","og_url":"https:\/\/knightcenter.utexas.edu\/pt-br\/carmen-aristegui-referencia-no-jornalismo-mexicano-sera-a-principal-palestrante-do-coloquio-ibero-americano-de-jornalismo\/","og_site_name":"Knight Center for Journalism in the Americas","article_published_time":"2026-09-04T19:20:44+00:00","article_modified_time":"2026-09-04T19:27:14+00:00","og_image":[{"width":600,"height":400,"url":"https:\/\/knightcenter.utexas.edu\/wp-content\/uploads\/2026\/09\/Carmen-thumb.png","type":"image\/png"}],"author":"Michael Bartnett","twitter_card":"summary_large_image","twitter_misc":{"Written by":"Michael Bartnett","Est. reading time":"4 minutos"},"schema":{"@context":"https:\/\/schema.org","@graph":[{"@type":"Article","@id":"https:\/\/knightcenter.utexas.edu\/pt-br\/carmen-aristegui-referencia-no-jornalismo-mexicano-sera-a-principal-palestrante-do-coloquio-ibero-americano-de-jornalismo\/#article","isPartOf":{"@id":"https:\/\/knightcenter.utexas.edu\/pt-br\/carmen-aristegui-referencia-no-jornalismo-mexicano-sera-a-principal-palestrante-do-coloquio-ibero-americano-de-jornalismo\/"},"author":{"name":"Michael Bartnett","@id":"https:\/\/knightcenter.utexas.edu\/pt-br\/#\/schema\/person\/edb4560694cae7ddfe8b5c801c0d123f"},"headline":"Carmen Aristegui, refer\u00eancia no jornalismo mexicano, ser\u00e1 a principal palestrante do Col\u00f3quio Ibero-Americano de Jornalismo","datePublished":"2026-09-04T19:20:44+00:00","dateModified":"2026-09-04T19:27:14+00:00","mainEntityOfPage":{"@id":"https:\/\/knightcenter.utexas.edu\/pt-br\/carmen-aristegui-referencia-no-jornalismo-mexicano-sera-a-principal-palestrante-do-coloquio-ibero-americano-de-jornalismo\/"},"wordCount":830,"image":{"@id":"https:\/\/knightcenter.utexas.edu\/pt-br\/carmen-aristegui-referencia-no-jornalismo-mexicano-sera-a-principal-palestrante-do-coloquio-ibero-americano-de-jornalismo\/#primaryimage"},"thumbnailUrl":"https:\/\/knightcenter.utexas.edu\/wp-content\/uploads\/2026\/09\/Carmen-thumb.png","keywords":["Col\u00f3quio Ibero-Americano","ISOJ"],"articleSection":["ISOJ","Journalism Courses"],"inLanguage":"pt-BR"},{"@type":"WebPage","@id":"https:\/\/knightcenter.utexas.edu\/pt-br\/carmen-aristegui-referencia-no-jornalismo-mexicano-sera-a-principal-palestrante-do-coloquio-ibero-americano-de-jornalismo\/","url":"https:\/\/knightcenter.utexas.edu\/pt-br\/carmen-aristegui-referencia-no-jornalismo-mexicano-sera-a-principal-palestrante-do-coloquio-ibero-americano-de-jornalismo\/","name":"Carmen Aristegui, refer\u00eancia no jornalismo mexicano, ser\u00e1 a principal palestrante do Col\u00f3quio Ibero-Americano de Jornalismo | Knight Center for Journalism in the Americas","isPartOf":{"@id":"https:\/\/knightcenter.utexas.edu\/pt-br\/#website"},"primaryImageOfPage":{"@id":"https:\/\/knightcenter.utexas.edu\/pt-br\/carmen-aristegui-referencia-no-jornalismo-mexicano-sera-a-principal-palestrante-do-coloquio-ibero-americano-de-jornalismo\/#primaryimage"},"image":{"@id":"https:\/\/knightcenter.utexas.edu\/pt-br\/carmen-aristegui-referencia-no-jornalismo-mexicano-sera-a-principal-palestrante-do-coloquio-ibero-americano-de-jornalismo\/#primaryimage"},"thumbnailUrl":"https:\/\/knightcenter.utexas.edu\/wp-content\/uploads\/2026\/09\/Carmen-thumb.png","datePublished":"2026-09-04T19:20:44+00:00","dateModified":"2026-09-04T19:27:14+00:00","author":{"@id":"https:\/\/knightcenter.utexas.edu\/pt-br\/#\/schema\/person\/edb4560694cae7ddfe8b5c801c0d123f"},"breadcrumb":{"@id":"https:\/\/knightcenter.utexas.edu\/pt-br\/carmen-aristegui-referencia-no-jornalismo-mexicano-sera-a-principal-palestrante-do-coloquio-ibero-americano-de-jornalismo\/#breadcrumb"},"inLanguage":"pt-BR","potentialAction":[{"@type":"ReadAction","target":["https:\/\/knightcenter.utexas.edu\/pt-br\/carmen-aristegui-referencia-no-jornalismo-mexicano-sera-a-principal-palestrante-do-coloquio-ibero-americano-de-jornalismo\/"]}]},{"@type":"ImageObject","inLanguage":"pt-BR","@id":"https:\/\/knightcenter.utexas.edu\/pt-br\/carmen-aristegui-referencia-no-jornalismo-mexicano-sera-a-principal-palestrante-do-coloquio-ibero-americano-de-jornalismo\/#primaryimage","url":"https:\/\/knightcenter.utexas.edu\/wp-content\/uploads\/2026\/09\/Carmen-thumb.png","contentUrl":"https:\/\/knightcenter.utexas.edu\/wp-content\/uploads\/2026\/09\/Carmen-thumb.png","width":600,"height":400,"caption":"Carmen Aristegui"},{"@type":"BreadcrumbList","@id":"https:\/\/knightcenter.utexas.edu\/pt-br\/carmen-aristegui-referencia-no-jornalismo-mexicano-sera-a-principal-palestrante-do-coloquio-ibero-americano-de-jornalismo\/#breadcrumb","itemListElement":[{"@type":"ListItem","position":1,"name":"Home","item":"https:\/\/knightcenter.utexas.edu\/pt-br\/"},{"@type":"ListItem","position":2,"name":"Carmen Aristegui, refer\u00eancia no jornalismo mexicano, ser\u00e1 a principal palestrante do Col\u00f3quio Ibero-Americano de Jornalismo"}]},{"@type":"WebSite","@id":"https:\/\/knightcenter.utexas.edu\/pt-br\/#website","url":"https:\/\/knightcenter.utexas.edu\/pt-br\/","name":"Knight Center for Journalism in the Americas","description":"Training, resources, and news for journalists","potentialAction":[{"@type":"SearchAction","target":{"@type":"EntryPoint","urlTemplate":"https:\/\/knightcenter.utexas.edu\/pt-br\/?s={search_term_string}"},"query-input":{"@type":"PropertyValueSpecification","valueRequired":true,"valueName":"search_term_string"}}],"inLanguage":"pt-BR"},{"@type":"Person","@id":"https:\/\/knightcenter.utexas.edu\/pt-br\/#\/schema\/person\/edb4560694cae7ddfe8b5c801c0d123f","name":"Michael Bartnett","image":{"@type":"ImageObject","inLanguage":"pt-BR","@id":"https:\/\/secure.gravatar.com\/avatar\/96259e89e2fdafa16e8368d25dae650e9969cb8815e42facafd222ab0cab1a93?s=96&d=mm&r=g","url":"https:\/\/secure.gravatar.com\/avatar\/96259e89e2fdafa16e8368d25dae650e9969cb8815e42facafd222ab0cab1a93?s=96&d=mm&r=g","contentUrl":"https:\/\/secure.gravatar.com\/avatar\/96259e89e2fdafa16e8368d25dae650e9969cb8815e42facafd222ab0cab1a93?s=96&d=mm&r=g","caption":"Michael Bartnett"},"url":"https:\/\/knightcenter.utexas.edu\/pt-br\/author\/michael-bartnett\/"}]}},"_links":{"self":[{"href":"https:\/\/knightcenter.utexas.edu\/pt-br\/wp-json\/wp\/v2\/posts\/100723","targetHints":{"allow":["GET"]}}],"collection":[{"href":"https:\/\/knightcenter.utexas.edu\/pt-br\/wp-json\/wp\/v2\/posts"}],"about":[{"href":"https:\/\/knightcenter.utexas.edu\/pt-br\/wp-json\/wp\/v2\/types\/post"}],"author":[{"embeddable":true,"href":"https:\/\/knightcenter.utexas.edu\/pt-br\/wp-json\/wp\/v2\/users\/24"}],"replies":[{"embeddable":true,"href":"https:\/\/knightcenter.utexas.edu\/pt-br\/wp-json\/wp\/v2\/comments?post=100723"}],"version-history":[{"count":1,"href":"https:\/\/knightcenter.utexas.edu\/pt-br\/wp-json\/wp\/v2\/posts\/100723\/revisions"}],"predecessor-version":[{"id":100724,"href":"https:\/\/knightcenter.utexas.edu\/pt-br\/wp-json\/wp\/v2\/posts\/100723\/revisions\/100724"}],"wp:featuredmedia":[{"embeddable":true,"href":"https:\/\/knightcenter.utexas.edu\/pt-br\/wp-json\/wp\/v2\/media\/100725"}],"wp:attachment":[{"href":"https:\/\/knightcenter.utexas.edu\/pt-br\/wp-json\/wp\/v2\/media?parent=100723"}],"wp:term":[{"taxonomy":"category","embeddable":true,"href":"https:\/\/knightcenter.utexas.edu\/pt-br\/wp-json\/wp\/v2\/categories?post=100723"},{"taxonomy":"post_tag","embeddable":true,"href":"https:\/\/knightcenter.utexas.edu\/pt-br\/wp-json\/wp\/v2\/tags?post=100723"}],"curies":[{"name":"wp","href":"https:\/\/api.w.org\/{rel}","templated":true}]}}