{"id":85846,"date":"2025-04-18T10:04:31","date_gmt":"2025-04-18T15:04:31","guid":{"rendered":"https:\/\/knightcenter.utexas.edu\/?p=85846"},"modified":"2025-04-18T10:04:31","modified_gmt":"2025-04-18T15:04:31","slug":"devemos-comecar-a-tirar-da-cabeca-a-frase-de-que-nao-existe-filantropia-na-america-latina-vanina-berghella-sobre-o-financiamento-do-jornalismo-na-regiao","status":"publish","type":"post","link":"https:\/\/knightcenter.utexas.edu\/pt-br\/devemos-comecar-a-tirar-da-cabeca-a-frase-de-que-nao-existe-filantropia-na-america-latina-vanina-berghella-sobre-o-financiamento-do-jornalismo-na-regiao\/","title":{"rendered":"'Devemos come\u00e7ar a tirar da cabe\u00e7a a frase de que n\u00e3o existe filantropia na Am\u00e9rica Latina': Vanina Berghella, sobre o financiamento do jornalismo na regi\u00e3o"},"content":{"rendered":"<p>Por Isabella Ocampo<\/p>\n<p>&nbsp;<\/p>\n<p>Como voc\u00ea pode apoiar a m\u00eddia na Am\u00e9rica Latina? Como promover o desenvolvimento tecnol\u00f3gico, a inova\u00e7\u00e3o e a experimenta\u00e7\u00e3o nos meios de comunica\u00e7\u00e3o?<\/p>\n<p>Estas s\u00e3o algumas das quest\u00f5es que o\u00a0<a href=\"https:\/\/ifpim.org\/\">Fundo Internacional para M\u00eddia de Interesse P\u00fablico\u00a0<\/a>(IFPIM, na sigla em ingl\u00eas) tenta responder.<\/p>\n<p>Durante o\u00a0<a href=\"https:\/\/isoj.org\/coloquio\/\">18\u00ba Col\u00f3quio Ibero-Americano de Jornalismo Digital<\/a>\u00a0em 29 de mar\u00e7o, Vanina Berghella, diretora regional do IFPIM para a Am\u00e9rica Latina e o Caribe, apresentou as li\u00e7\u00f5es aprendidas e os resultados dos dois anos de trabalho do fundo desde sua inaugura\u00e7\u00e3o na regi\u00e3o em 2023.<\/p>\n<p>O IFPIM \u00e9 um fundo multilateral global que busca apoiar os meios de comunica\u00e7\u00e3o de interesse p\u00fablico, definidos por Berghella como aqueles meios que existem para informar o p\u00fablico sobre quest\u00f5es relevantes, fornecer informa\u00e7\u00f5es confi\u00e1veis, independentes e transparentes e estar comprometidos com a busca pela verdade.<\/p>\n<p>Berghella comentou que em 2023 o fundo distribuiu mais de US$7 milh\u00f5es em sete pa\u00edses, incluindo Costa Rica, Col\u00f4mbia, Equador, Bol\u00edvia, Argentina, Paraguai e Brasil.<\/p>\n<p>\"O trabalho que estamos fazendo n\u00e3o \u00e9 apenas apoiar diretamente um meio de comunica\u00e7\u00e3o, mas apoiar iniciativas que pensem em solu\u00e7\u00f5es para mudan\u00e7as sist\u00eamicas\", disse Berghella.<\/p>\n<p>O trabalho do fundo \u00e9 \u00fanico e significativo na Am\u00e9rica Latina, pois, segundo Berghella, oferece apoio diversificado a uma infinidade de organiza\u00e7\u00f5es de m\u00eddia, desde plataformas digitais at\u00e9 m\u00eddias tradicionais.<\/p>\n<p>\"N\u00e3o se trata apenas de fornecer financiamento, trata-se de garantir que meios de comunica\u00e7\u00e3o possam ser sustentados a longo prazo\", afirmou ela.<\/p>\n<p>O fundo n\u00e3o se limita a cobrir apenas os custos do projeto, mas tamb\u00e9m algumas despesas organizacionais, tais como sal\u00e1rios, alugu\u00e9is, apoio jur\u00eddico, estrat\u00e9gias e protocolos de seguran\u00e7a, bem como iniciativas de inclus\u00e3o e diversidade.<\/p>\n<p>Segundo Berghella,\u00a0<a href=\"https:\/\/latamjournalismreview.org\/pt-br\/articles\/sem-um-ecossistema-de-midia-forte-e-saudavel-tampouco-pode-haver-democracias-fortes-e-saudaveis-vanina-berghella-diretora-do-ifpim-no-17o-coloquio\/\">a miss\u00e3o do IFPIM<\/a>\u00a0est\u00e1 fortemente conectada \u00e0 necessidade de criar sustentabilidade nos meios de comunica\u00e7\u00e3o globais e ao fato de o financiamento do governo e de entidades privadas para os ve\u00edculos ser muito baixo.<\/p>\n<p>Um foco principal do fundo \u00e9 apoiar a resili\u00eancia e a inova\u00e7\u00e3o dos meios de comunica\u00e7\u00e3o. O fundo tamb\u00e9m trabalha para provocar mudan\u00e7as sist\u00eamicas.<\/p>\n<p>\"Estamos explorando mecanismos locais de financiamento filantr\u00f3pico em pa\u00edses como Brasil e Col\u00f4mbia\", disse Berghella. Da mesma forma, enfatizou a necessidade de mudar a narrativa em rela\u00e7\u00e3o \u00e0 filantropia nos pa\u00edses latino-americanos.<\/p>\n<p>\"Temos que come\u00e7ar a tirar da cabe\u00e7a a frase de que n\u00e3o existe filantropia na Am\u00e9rica Latina\", comentou.<\/p>\n<p>Berghella destacou a import\u00e2ncia de mobilizar a filantropia nos pa\u00edses latino-americanos como uma forma essencial de apoiar o jornalismo de interesse p\u00fablico.<\/p>\n<p>\"\u00c9 absolutamente fundamental\", disse Berghella, \"\u00c9 responsabilidade de cada um de n\u00f3s sentar e conversar cara a cara com os propriet\u00e1rios de empresas e dizer que \u00e9 preciso apoiar o jornalismo de interesse p\u00fablico\".<\/p>\n<p>Como m\u00e9todo de mobiliza\u00e7\u00e3o de apoio, Berghella disse que o fundo procura criar mecanismos que possam \"permitir a transpar\u00eancia e a governan\u00e7a independente dos ve\u00edculos\", para que os empres\u00e1rios possam confiar no financiamento dos meios de comunica\u00e7\u00e3o.<\/p>\n<p>Ela disse que a organiza\u00e7\u00e3o est\u00e1 particularmente orgulhosa do esp\u00edrito inovador dos meios de comunica\u00e7\u00e3o latino-americanos, observando que, apesar dos contextos desafiadores, estes ve\u00edculos est\u00e3o criando desenvolvimentos tecnol\u00f3gicos inovadores e experimentando novos formatos.<\/p>\n<p>Atrav\u00e9s de seu trabalho, Berghella explicou que o fundo prioriza a compreens\u00e3o dos contextos locais atrav\u00e9s de conversas cont\u00ednuas com associa\u00e7\u00f5es de jornalistas. Seu apoio vai desde ajudar a m\u00eddia hiperlocal a sobreviver at\u00e9 apoiar organiza\u00e7\u00f5es nacionais no desenvolvimento de tecnologia e estrat\u00e9gias de envolvimento do p\u00fablico.<\/p>\n<p>Finalmente, Berghella mencionou que, apesar dos v\u00e1rios problemas que os meios de comunica\u00e7\u00e3o na Am\u00e9rica Latina enfrentam, como a sustentabilidade econ\u00f4mica, a perda de confian\u00e7a ou as limita\u00e7\u00f5es estruturais, ela assegura que hoje, em compara\u00e7\u00e3o com outras regi\u00f5es, os ve\u00edculos latino-americanos est\u00e3o entre os mais inovadores, expandindo-se na \u00e1rea do desenvolvimento tecnol\u00f3gico e da intelig\u00eancia artificial.<\/p>\n<p>\"Isso \u00e9 muito importante nos processos internos das organiza\u00e7\u00f5es para melhorar a efici\u00eancia e a din\u00e2mica de suas reda\u00e7\u00f5es\", disse Berghella.<\/p>\n","protected":false},"excerpt":{"rendered":"<p>Durante o 18\u00ba Col\u00f3quio Ibero-Americano de Jornalismo Digital, a diretora regional do International Fund for Public Interest Media compartilhou as li\u00e7\u00f5es aprendidas nos dois anos desde o lan\u00e7amento do fundo na Am\u00e9rica Latina.<\/p>\n","protected":false},"author":22,"featured_media":85742,"comment_status":"closed","ping_status":"closed","sticky":false,"template":"","format":"standard","meta":{"_acf_changed":false,"inline_featured_image":false,"footnotes":""},"categories":[124],"tags":[205],"class_list":["post-85846","post","type-post","status-publish","format-standard","has-post-thumbnail","hentry","category-isoj-pt-br","tag-coloquio-ibero-americano"],"acf":[],"yoast_head":"<!-- This site is optimized with the Yoast SEO Premium plugin v24.4 (Yoast SEO v27.4) - https:\/\/yoast.com\/product\/yoast-seo-premium-wordpress\/ -->\n<title>&#039;Devemos come\u00e7ar a tirar da cabe\u00e7a a frase de que n\u00e3o existe filantropia na Am\u00e9rica Latina&#039;: Vanina Berghella, sobre o financiamento do jornalismo na regi\u00e3o | Knight Center for Journalism in the Americas<\/title>\n<meta name=\"robots\" content=\"index, follow, max-snippet:-1, max-image-preview:large, max-video-preview:-1\" \/>\n<link rel=\"canonical\" href=\"https:\/\/knightcenter.utexas.edu\/pt-br\/devemos-comecar-a-tirar-da-cabeca-a-frase-de-que-nao-existe-filantropia-na-america-latina-vanina-berghella-sobre-o-financiamento-do-jornalismo-na-regiao\/\" \/>\n<meta property=\"og:locale\" content=\"pt_BR\" \/>\n<meta property=\"og:type\" content=\"article\" \/>\n<meta property=\"og:title\" content=\"&#039;Devemos come\u00e7ar a tirar da cabe\u00e7a a frase de que n\u00e3o existe filantropia na Am\u00e9rica Latina&#039;: Vanina Berghella, sobre o financiamento do jornalismo na regi\u00e3o\" \/>\n<meta property=\"og:description\" content=\"Durante o 18\u00ba Col\u00f3quio Ibero-Americano de Jornalismo Digital, a diretora regional do International Fund for Public Interest Media compartilhou as li\u00e7\u00f5es aprendidas nos dois anos desde o lan\u00e7amento do fundo na Am\u00e9rica Latina.\" \/>\n<meta property=\"og:url\" content=\"https:\/\/knightcenter.utexas.edu\/pt-br\/devemos-comecar-a-tirar-da-cabeca-a-frase-de-que-nao-existe-filantropia-na-america-latina-vanina-berghella-sobre-o-financiamento-do-jornalismo-na-regiao\/\" \/>\n<meta property=\"og:site_name\" content=\"Knight Center for Journalism in the Americas\" \/>\n<meta property=\"article:published_time\" content=\"2025-04-18T15:04:31+00:00\" \/>\n<meta property=\"og:image\" content=\"https:\/\/knightcenter.utexas.edu\/wp-content\/uploads\/2025\/04\/FEATURED-IFPIM.png\" \/>\n\t<meta property=\"og:image:width\" content=\"507\" \/>\n\t<meta property=\"og:image:height\" content=\"340\" \/>\n\t<meta property=\"og:image:type\" content=\"image\/png\" \/>\n<meta name=\"author\" content=\"Guest\" \/>\n<meta name=\"twitter:card\" content=\"summary_large_image\" \/>\n<meta name=\"twitter:label1\" content=\"Written by\" \/>\n\t<meta name=\"twitter:data1\" content=\"Guest\" \/>\n\t<meta name=\"twitter:label2\" content=\"Est. reading time\" \/>\n\t<meta name=\"twitter:data2\" content=\"3 minutos\" \/>\n<script type=\"application\/ld+json\" class=\"yoast-schema-graph\">{\"@context\":\"https:\\\/\\\/schema.org\",\"@graph\":[{\"@type\":\"Article\",\"@id\":\"https:\\\/\\\/knightcenter.utexas.edu\\\/pt-br\\\/devemos-comecar-a-tirar-da-cabeca-a-frase-de-que-nao-existe-filantropia-na-america-latina-vanina-berghella-sobre-o-financiamento-do-jornalismo-na-regiao\\\/#article\",\"isPartOf\":{\"@id\":\"https:\\\/\\\/knightcenter.utexas.edu\\\/pt-br\\\/devemos-comecar-a-tirar-da-cabeca-a-frase-de-que-nao-existe-filantropia-na-america-latina-vanina-berghella-sobre-o-financiamento-do-jornalismo-na-regiao\\\/\"},\"author\":{\"name\":\"Guest\",\"@id\":\"https:\\\/\\\/knightcenter.utexas.edu\\\/pt-br\\\/#\\\/schema\\\/person\\\/e2e759fc6ca8b5a93ee4eabc3de4bc04\"},\"headline\":\"'Devemos come\u00e7ar a tirar da cabe\u00e7a a frase de que n\u00e3o existe filantropia na Am\u00e9rica Latina': Vanina Berghella, sobre o financiamento do jornalismo na regi\u00e3o\",\"datePublished\":\"2025-04-18T15:04:31+00:00\",\"mainEntityOfPage\":{\"@id\":\"https:\\\/\\\/knightcenter.utexas.edu\\\/pt-br\\\/devemos-comecar-a-tirar-da-cabeca-a-frase-de-que-nao-existe-filantropia-na-america-latina-vanina-berghella-sobre-o-financiamento-do-jornalismo-na-regiao\\\/\"},\"wordCount\":763,\"image\":{\"@id\":\"https:\\\/\\\/knightcenter.utexas.edu\\\/pt-br\\\/devemos-comecar-a-tirar-da-cabeca-a-frase-de-que-nao-existe-filantropia-na-america-latina-vanina-berghella-sobre-o-financiamento-do-jornalismo-na-regiao\\\/#primaryimage\"},\"thumbnailUrl\":\"https:\\\/\\\/knightcenter.utexas.edu\\\/wp-content\\\/uploads\\\/2025\\\/04\\\/FEATURED-IFPIM.png\",\"keywords\":[\"Col\u00f3quio Ibero-Americano\"],\"articleSection\":[\"ISOJ\"],\"inLanguage\":\"pt-BR\"},{\"@type\":\"WebPage\",\"@id\":\"https:\\\/\\\/knightcenter.utexas.edu\\\/pt-br\\\/devemos-comecar-a-tirar-da-cabeca-a-frase-de-que-nao-existe-filantropia-na-america-latina-vanina-berghella-sobre-o-financiamento-do-jornalismo-na-regiao\\\/\",\"url\":\"https:\\\/\\\/knightcenter.utexas.edu\\\/pt-br\\\/devemos-comecar-a-tirar-da-cabeca-a-frase-de-que-nao-existe-filantropia-na-america-latina-vanina-berghella-sobre-o-financiamento-do-jornalismo-na-regiao\\\/\",\"name\":\"'Devemos come\u00e7ar a tirar da cabe\u00e7a a frase de que n\u00e3o existe filantropia na Am\u00e9rica Latina': Vanina Berghella, sobre o financiamento do jornalismo na regi\u00e3o | Knight Center for Journalism in the Americas\",\"isPartOf\":{\"@id\":\"https:\\\/\\\/knightcenter.utexas.edu\\\/pt-br\\\/#website\"},\"primaryImageOfPage\":{\"@id\":\"https:\\\/\\\/knightcenter.utexas.edu\\\/pt-br\\\/devemos-comecar-a-tirar-da-cabeca-a-frase-de-que-nao-existe-filantropia-na-america-latina-vanina-berghella-sobre-o-financiamento-do-jornalismo-na-regiao\\\/#primaryimage\"},\"image\":{\"@id\":\"https:\\\/\\\/knightcenter.utexas.edu\\\/pt-br\\\/devemos-comecar-a-tirar-da-cabeca-a-frase-de-que-nao-existe-filantropia-na-america-latina-vanina-berghella-sobre-o-financiamento-do-jornalismo-na-regiao\\\/#primaryimage\"},\"thumbnailUrl\":\"https:\\\/\\\/knightcenter.utexas.edu\\\/wp-content\\\/uploads\\\/2025\\\/04\\\/FEATURED-IFPIM.png\",\"datePublished\":\"2025-04-18T15:04:31+00:00\",\"author\":{\"@id\":\"https:\\\/\\\/knightcenter.utexas.edu\\\/pt-br\\\/#\\\/schema\\\/person\\\/e2e759fc6ca8b5a93ee4eabc3de4bc04\"},\"breadcrumb\":{\"@id\":\"https:\\\/\\\/knightcenter.utexas.edu\\\/pt-br\\\/devemos-comecar-a-tirar-da-cabeca-a-frase-de-que-nao-existe-filantropia-na-america-latina-vanina-berghella-sobre-o-financiamento-do-jornalismo-na-regiao\\\/#breadcrumb\"},\"inLanguage\":\"pt-BR\",\"potentialAction\":[{\"@type\":\"ReadAction\",\"target\":[\"https:\\\/\\\/knightcenter.utexas.edu\\\/pt-br\\\/devemos-comecar-a-tirar-da-cabeca-a-frase-de-que-nao-existe-filantropia-na-america-latina-vanina-berghella-sobre-o-financiamento-do-jornalismo-na-regiao\\\/\"]}]},{\"@type\":\"ImageObject\",\"inLanguage\":\"pt-BR\",\"@id\":\"https:\\\/\\\/knightcenter.utexas.edu\\\/pt-br\\\/devemos-comecar-a-tirar-da-cabeca-a-frase-de-que-nao-existe-filantropia-na-america-latina-vanina-berghella-sobre-o-financiamento-do-jornalismo-na-regiao\\\/#primaryimage\",\"url\":\"https:\\\/\\\/knightcenter.utexas.edu\\\/wp-content\\\/uploads\\\/2025\\\/04\\\/FEATURED-IFPIM.png\",\"contentUrl\":\"https:\\\/\\\/knightcenter.utexas.edu\\\/wp-content\\\/uploads\\\/2025\\\/04\\\/FEATURED-IFPIM.png\",\"width\":507,\"height\":340,\"caption\":\"Woman in glasses at podium\"},{\"@type\":\"BreadcrumbList\",\"@id\":\"https:\\\/\\\/knightcenter.utexas.edu\\\/pt-br\\\/devemos-comecar-a-tirar-da-cabeca-a-frase-de-que-nao-existe-filantropia-na-america-latina-vanina-berghella-sobre-o-financiamento-do-jornalismo-na-regiao\\\/#breadcrumb\",\"itemListElement\":[{\"@type\":\"ListItem\",\"position\":1,\"name\":\"Home\",\"item\":\"https:\\\/\\\/knightcenter.utexas.edu\\\/pt-br\\\/\"},{\"@type\":\"ListItem\",\"position\":2,\"name\":\"'Devemos come\u00e7ar a tirar da cabe\u00e7a a frase de que n\u00e3o existe filantropia na Am\u00e9rica Latina': Vanina Berghella, sobre o financiamento do jornalismo na regi\u00e3o\"}]},{\"@type\":\"WebSite\",\"@id\":\"https:\\\/\\\/knightcenter.utexas.edu\\\/pt-br\\\/#website\",\"url\":\"https:\\\/\\\/knightcenter.utexas.edu\\\/pt-br\\\/\",\"name\":\"Knight Center for Journalism in the Americas\",\"description\":\"Training, resources, and news for journalists\",\"potentialAction\":[{\"@type\":\"SearchAction\",\"target\":{\"@type\":\"EntryPoint\",\"urlTemplate\":\"https:\\\/\\\/knightcenter.utexas.edu\\\/pt-br\\\/?s={search_term_string}\"},\"query-input\":{\"@type\":\"PropertyValueSpecification\",\"valueRequired\":true,\"valueName\":\"search_term_string\"}}],\"inLanguage\":\"pt-BR\"},{\"@type\":\"Person\",\"@id\":\"https:\\\/\\\/knightcenter.utexas.edu\\\/pt-br\\\/#\\\/schema\\\/person\\\/e2e759fc6ca8b5a93ee4eabc3de4bc04\",\"name\":\"Guest\",\"image\":{\"@type\":\"ImageObject\",\"inLanguage\":\"pt-BR\",\"@id\":\"https:\\\/\\\/secure.gravatar.com\\\/avatar\\\/0836acbff0977073f1e36f3457d8748a2b9c85d9bb0cd0fedb308c4a19f826e2?s=96&d=mm&r=g\",\"url\":\"https:\\\/\\\/secure.gravatar.com\\\/avatar\\\/0836acbff0977073f1e36f3457d8748a2b9c85d9bb0cd0fedb308c4a19f826e2?s=96&d=mm&r=g\",\"contentUrl\":\"https:\\\/\\\/secure.gravatar.com\\\/avatar\\\/0836acbff0977073f1e36f3457d8748a2b9c85d9bb0cd0fedb308c4a19f826e2?s=96&d=mm&r=g\",\"caption\":\"Guest\"},\"url\":\"https:\\\/\\\/knightcenter.utexas.edu\\\/pt-br\\\/author\\\/guest\\\/\"}]}<\/script>\n<!-- \/ Yoast SEO Premium plugin. -->","yoast_head_json":{"title":"'Devemos come\u00e7ar a tirar da cabe\u00e7a a frase de que n\u00e3o existe filantropia na Am\u00e9rica Latina': Vanina Berghella, sobre o financiamento do jornalismo na regi\u00e3o | Knight Center for Journalism in the Americas","robots":{"index":"index","follow":"follow","max-snippet":"max-snippet:-1","max-image-preview":"max-image-preview:large","max-video-preview":"max-video-preview:-1"},"canonical":"https:\/\/knightcenter.utexas.edu\/pt-br\/devemos-comecar-a-tirar-da-cabeca-a-frase-de-que-nao-existe-filantropia-na-america-latina-vanina-berghella-sobre-o-financiamento-do-jornalismo-na-regiao\/","og_locale":"pt_BR","og_type":"article","og_title":"'Devemos come\u00e7ar a tirar da cabe\u00e7a a frase de que n\u00e3o existe filantropia na Am\u00e9rica Latina': Vanina Berghella, sobre o financiamento do jornalismo na regi\u00e3o","og_description":"Durante o 18\u00ba Col\u00f3quio Ibero-Americano de Jornalismo Digital, a diretora regional do International Fund for Public Interest Media compartilhou as li\u00e7\u00f5es aprendidas nos dois anos desde o lan\u00e7amento do fundo na Am\u00e9rica Latina.","og_url":"https:\/\/knightcenter.utexas.edu\/pt-br\/devemos-comecar-a-tirar-da-cabeca-a-frase-de-que-nao-existe-filantropia-na-america-latina-vanina-berghella-sobre-o-financiamento-do-jornalismo-na-regiao\/","og_site_name":"Knight Center for Journalism in the Americas","article_published_time":"2025-04-18T15:04:31+00:00","og_image":[{"width":507,"height":340,"url":"https:\/\/knightcenter.utexas.edu\/wp-content\/uploads\/2025\/04\/FEATURED-IFPIM.png","type":"image\/png"}],"author":"Guest","twitter_card":"summary_large_image","twitter_misc":{"Written by":"Guest","Est. reading time":"3 minutos"},"schema":{"@context":"https:\/\/schema.org","@graph":[{"@type":"Article","@id":"https:\/\/knightcenter.utexas.edu\/pt-br\/devemos-comecar-a-tirar-da-cabeca-a-frase-de-que-nao-existe-filantropia-na-america-latina-vanina-berghella-sobre-o-financiamento-do-jornalismo-na-regiao\/#article","isPartOf":{"@id":"https:\/\/knightcenter.utexas.edu\/pt-br\/devemos-comecar-a-tirar-da-cabeca-a-frase-de-que-nao-existe-filantropia-na-america-latina-vanina-berghella-sobre-o-financiamento-do-jornalismo-na-regiao\/"},"author":{"name":"Guest","@id":"https:\/\/knightcenter.utexas.edu\/pt-br\/#\/schema\/person\/e2e759fc6ca8b5a93ee4eabc3de4bc04"},"headline":"'Devemos come\u00e7ar a tirar da cabe\u00e7a a frase de que n\u00e3o existe filantropia na Am\u00e9rica Latina': Vanina Berghella, sobre o financiamento do jornalismo na regi\u00e3o","datePublished":"2025-04-18T15:04:31+00:00","mainEntityOfPage":{"@id":"https:\/\/knightcenter.utexas.edu\/pt-br\/devemos-comecar-a-tirar-da-cabeca-a-frase-de-que-nao-existe-filantropia-na-america-latina-vanina-berghella-sobre-o-financiamento-do-jornalismo-na-regiao\/"},"wordCount":763,"image":{"@id":"https:\/\/knightcenter.utexas.edu\/pt-br\/devemos-comecar-a-tirar-da-cabeca-a-frase-de-que-nao-existe-filantropia-na-america-latina-vanina-berghella-sobre-o-financiamento-do-jornalismo-na-regiao\/#primaryimage"},"thumbnailUrl":"https:\/\/knightcenter.utexas.edu\/wp-content\/uploads\/2025\/04\/FEATURED-IFPIM.png","keywords":["Col\u00f3quio Ibero-Americano"],"articleSection":["ISOJ"],"inLanguage":"pt-BR"},{"@type":"WebPage","@id":"https:\/\/knightcenter.utexas.edu\/pt-br\/devemos-comecar-a-tirar-da-cabeca-a-frase-de-que-nao-existe-filantropia-na-america-latina-vanina-berghella-sobre-o-financiamento-do-jornalismo-na-regiao\/","url":"https:\/\/knightcenter.utexas.edu\/pt-br\/devemos-comecar-a-tirar-da-cabeca-a-frase-de-que-nao-existe-filantropia-na-america-latina-vanina-berghella-sobre-o-financiamento-do-jornalismo-na-regiao\/","name":"'Devemos come\u00e7ar a tirar da cabe\u00e7a a frase de que n\u00e3o existe filantropia na Am\u00e9rica Latina': Vanina Berghella, sobre o financiamento do jornalismo na regi\u00e3o | Knight Center for Journalism in the Americas","isPartOf":{"@id":"https:\/\/knightcenter.utexas.edu\/pt-br\/#website"},"primaryImageOfPage":{"@id":"https:\/\/knightcenter.utexas.edu\/pt-br\/devemos-comecar-a-tirar-da-cabeca-a-frase-de-que-nao-existe-filantropia-na-america-latina-vanina-berghella-sobre-o-financiamento-do-jornalismo-na-regiao\/#primaryimage"},"image":{"@id":"https:\/\/knightcenter.utexas.edu\/pt-br\/devemos-comecar-a-tirar-da-cabeca-a-frase-de-que-nao-existe-filantropia-na-america-latina-vanina-berghella-sobre-o-financiamento-do-jornalismo-na-regiao\/#primaryimage"},"thumbnailUrl":"https:\/\/knightcenter.utexas.edu\/wp-content\/uploads\/2025\/04\/FEATURED-IFPIM.png","datePublished":"2025-04-18T15:04:31+00:00","author":{"@id":"https:\/\/knightcenter.utexas.edu\/pt-br\/#\/schema\/person\/e2e759fc6ca8b5a93ee4eabc3de4bc04"},"breadcrumb":{"@id":"https:\/\/knightcenter.utexas.edu\/pt-br\/devemos-comecar-a-tirar-da-cabeca-a-frase-de-que-nao-existe-filantropia-na-america-latina-vanina-berghella-sobre-o-financiamento-do-jornalismo-na-regiao\/#breadcrumb"},"inLanguage":"pt-BR","potentialAction":[{"@type":"ReadAction","target":["https:\/\/knightcenter.utexas.edu\/pt-br\/devemos-comecar-a-tirar-da-cabeca-a-frase-de-que-nao-existe-filantropia-na-america-latina-vanina-berghella-sobre-o-financiamento-do-jornalismo-na-regiao\/"]}]},{"@type":"ImageObject","inLanguage":"pt-BR","@id":"https:\/\/knightcenter.utexas.edu\/pt-br\/devemos-comecar-a-tirar-da-cabeca-a-frase-de-que-nao-existe-filantropia-na-america-latina-vanina-berghella-sobre-o-financiamento-do-jornalismo-na-regiao\/#primaryimage","url":"https:\/\/knightcenter.utexas.edu\/wp-content\/uploads\/2025\/04\/FEATURED-IFPIM.png","contentUrl":"https:\/\/knightcenter.utexas.edu\/wp-content\/uploads\/2025\/04\/FEATURED-IFPIM.png","width":507,"height":340,"caption":"Woman in glasses at podium"},{"@type":"BreadcrumbList","@id":"https:\/\/knightcenter.utexas.edu\/pt-br\/devemos-comecar-a-tirar-da-cabeca-a-frase-de-que-nao-existe-filantropia-na-america-latina-vanina-berghella-sobre-o-financiamento-do-jornalismo-na-regiao\/#breadcrumb","itemListElement":[{"@type":"ListItem","position":1,"name":"Home","item":"https:\/\/knightcenter.utexas.edu\/pt-br\/"},{"@type":"ListItem","position":2,"name":"'Devemos come\u00e7ar a tirar da cabe\u00e7a a frase de que n\u00e3o existe filantropia na Am\u00e9rica Latina': Vanina Berghella, sobre o financiamento do jornalismo na regi\u00e3o"}]},{"@type":"WebSite","@id":"https:\/\/knightcenter.utexas.edu\/pt-br\/#website","url":"https:\/\/knightcenter.utexas.edu\/pt-br\/","name":"Knight Center for Journalism in the Americas","description":"Training, resources, and news for journalists","potentialAction":[{"@type":"SearchAction","target":{"@type":"EntryPoint","urlTemplate":"https:\/\/knightcenter.utexas.edu\/pt-br\/?s={search_term_string}"},"query-input":{"@type":"PropertyValueSpecification","valueRequired":true,"valueName":"search_term_string"}}],"inLanguage":"pt-BR"},{"@type":"Person","@id":"https:\/\/knightcenter.utexas.edu\/pt-br\/#\/schema\/person\/e2e759fc6ca8b5a93ee4eabc3de4bc04","name":"Guest","image":{"@type":"ImageObject","inLanguage":"pt-BR","@id":"https:\/\/secure.gravatar.com\/avatar\/0836acbff0977073f1e36f3457d8748a2b9c85d9bb0cd0fedb308c4a19f826e2?s=96&d=mm&r=g","url":"https:\/\/secure.gravatar.com\/avatar\/0836acbff0977073f1e36f3457d8748a2b9c85d9bb0cd0fedb308c4a19f826e2?s=96&d=mm&r=g","contentUrl":"https:\/\/secure.gravatar.com\/avatar\/0836acbff0977073f1e36f3457d8748a2b9c85d9bb0cd0fedb308c4a19f826e2?s=96&d=mm&r=g","caption":"Guest"},"url":"https:\/\/knightcenter.utexas.edu\/pt-br\/author\/guest\/"}]}},"_links":{"self":[{"href":"https:\/\/knightcenter.utexas.edu\/pt-br\/wp-json\/wp\/v2\/posts\/85846","targetHints":{"allow":["GET"]}}],"collection":[{"href":"https:\/\/knightcenter.utexas.edu\/pt-br\/wp-json\/wp\/v2\/posts"}],"about":[{"href":"https:\/\/knightcenter.utexas.edu\/pt-br\/wp-json\/wp\/v2\/types\/post"}],"author":[{"embeddable":true,"href":"https:\/\/knightcenter.utexas.edu\/pt-br\/wp-json\/wp\/v2\/users\/22"}],"replies":[{"embeddable":true,"href":"https:\/\/knightcenter.utexas.edu\/pt-br\/wp-json\/wp\/v2\/comments?post=85846"}],"version-history":[{"count":1,"href":"https:\/\/knightcenter.utexas.edu\/pt-br\/wp-json\/wp\/v2\/posts\/85846\/revisions"}],"predecessor-version":[{"id":85847,"href":"https:\/\/knightcenter.utexas.edu\/pt-br\/wp-json\/wp\/v2\/posts\/85846\/revisions\/85847"}],"wp:featuredmedia":[{"embeddable":true,"href":"https:\/\/knightcenter.utexas.edu\/pt-br\/wp-json\/wp\/v2\/media\/85742"}],"wp:attachment":[{"href":"https:\/\/knightcenter.utexas.edu\/pt-br\/wp-json\/wp\/v2\/media?parent=85846"}],"wp:term":[{"taxonomy":"category","embeddable":true,"href":"https:\/\/knightcenter.utexas.edu\/pt-br\/wp-json\/wp\/v2\/categories?post=85846"},{"taxonomy":"post_tag","embeddable":true,"href":"https:\/\/knightcenter.utexas.edu\/pt-br\/wp-json\/wp\/v2\/tags?post=85846"}],"curies":[{"name":"wp","href":"https:\/\/api.w.org\/{rel}","templated":true}]}}