{"id":95394,"date":"2025-12-08T13:37:59","date_gmt":"2025-12-08T19:37:59","guid":{"rendered":"https:\/\/knightcenter.utexas.edu\/?p=95394"},"modified":"2025-12-08T13:37:59","modified_gmt":"2025-12-08T19:37:59","slug":"jornalistas-da-america-central-discutem-reportagem-e-resistencia-em-meio-ao-retrocesso-democratico","status":"publish","type":"post","link":"https:\/\/knightcenter.utexas.edu\/pt-br\/jornalistas-da-america-central-discutem-reportagem-e-resistencia-em-meio-ao-retrocesso-democratico\/","title":{"rendered":"Jornalistas da Am\u00e9rica Central discutem reportagem e resist\u00eancia em meio ao retrocesso democr\u00e1tico"},"content":{"rendered":"<p dir=\"ltr\">Diante do aumento do autoritarismo e da queda na liberdade de imprensa em toda a Am\u00e9rica Central, jornalistas e pesquisadores reconhecem a necessidade urgente de colabora\u00e7\u00e3o.<\/p>\n<p>Durante um webinar realizado em 3 de dezembro de 2025, organizado pelo Centro Knight para o Jornalismo nas Am\u00e9ricas, para explorar o jornalismo centro-americano em meio ao retrocesso democr\u00e1tico, os efeitos da repress\u00e3o e os esfor\u00e7os para super\u00e1-la dominaram a conversa.<\/p>\n<p>\u201c\u00c9 poss\u00edvel fazer bom jornalismo contra todas as probabilidades, contra as condi\u00e7\u00f5es horr\u00edveis que muitas vezes s\u00e3o vividas em alguns desses pa\u00edses\u201d, disse o acad\u00eamico mexicano Manuel Alejandro Guerrero.<\/p>\n<p>Guerrero teve a companhia do jornalista guatemalteco Daniel Villatoro; de Maryorit Guevara, fundadora e diretora do La Lupa, da Nicar\u00e1gua; e de Sergio Arauz, editor-adjunto do El Faro, de El Salvador. Summer Harlow, diretora-adjunta do Centro Knight, foi a moderadora.<\/p>\n<p><center><iframe loading=\"lazy\" title=\"YouTube video player\" src=\"https:\/\/www.youtube.com\/embed\/oB1jLFWiZi8?si=hRFHXxPlqq5BQNzz\" width=\"560\" height=\"315\" frameborder=\"0\" allowfullscreen=\"allowfullscreen\"><\/iframe><\/center><\/p>\n<p dir=\"ltr\">O webinar promoveu o lan\u00e7amento de <a href=\"https:\/\/journalismcourses.org\/pt-br\/ebook\/periodismo-en-centroamerica-frente-al-retroceso-democratico\/\">um novo ebook<\/a>, \u201cPeriodismo en Centroam\u00e9rica frente al retroceso democr\u00e1tico\u201d, publicado pelo Centro Knight em colabora\u00e7\u00e3o com o Estudio Abierto.<\/p>\n<p>\u201cAcho que estamos em um momento cr\u00edtico, e h\u00e1 dois fen\u00f4menos que, para mim, representam o maior problema que enfrentamos agora\u201d, disse Villatoro, coautor do ebook e diretor do Estudio Abierto.<\/p>\n<p dir=\"ltr\">O primeiro, segundo ele, \u00e9 a transforma\u00e7\u00e3o dos modelos de neg\u00f3cios tradicionais dos meios de comunica\u00e7\u00e3o e o avan\u00e7o da tecnologia. O segundo \u00e9 a predomin\u00e2ncia de ataques pol\u00edticos.<\/p>\n<p>O livro examina as perspectivas de jornalistas, bem como de redes de apoio ao jornalismo, em Guatemala, El Salvador, Honduras e Nicar\u00e1gua. Ele dedica aten\u00e7\u00e3o especial a mulheres, jornalistas comunit\u00e1rios e integrantes da comunidade LGBTIQ+.<\/p>\n<p>Al\u00e9m de entrevistas, os autores analisaram os ambientes midi\u00e1tico, pol\u00edtico e jur\u00eddico de cada pa\u00eds.<\/p>\n<p dir=\"ltr\">Guerrero, que tamb\u00e9m \u00e9 coautor do livro, disse que o estudo adota uma perspectiva sist\u00eamica e estrutural da regi\u00e3o, mas tamb\u00e9m busca observar cada pa\u00eds individualmente.<\/p>\n<p dir=\"ltr\">Por exemplo, ele disse que Honduras enfrenta um colapso institucional, de modo que a viol\u00eancia contra jornalistas pode vir de qualquer lugar \u2014 talvez de grupos criminosos, do governo ou de qualquer outro ator. Enquanto isso, na Guatemala, um presidente que demonstra preocupa\u00e7\u00e3o com os direitos humanos enfrenta interesses conservadores que n\u00e3o t\u00eam incentivos para respeitar as liberdades de imprensa e de express\u00e3o.<\/p>\n<p dir=\"ltr\">\u201cConclu\u00edmos que a Am\u00e9rica Central \u00e9 [normalmente] tratada como uma regi\u00e3o \u00fanica, e ainda assim possui problemas muito espec\u00edficos que as pessoas que praticam jornalismo nesses pa\u00edses conhecem\u201d, disse ele. \u201cElas est\u00e3o cientes dessas dist\u00e2ncias e diferen\u00e7as. N\u00e3o \u00e9 a mesma coisa fazer jornalismo em Honduras e em Guatemala, Nicar\u00e1gua ou El Salvador.\u201d<\/p>\n<p><strong>Liberdade de imprensa na Am\u00e9rica Central<\/strong><\/p>\n<p dir=\"ltr\">Guevara \u00e9 uma dos\u00a0<a href=\"https:\/\/fundamedios.us\/mas-de-900-periodistas-han-sido-forzados-al-exilio-en-latinoamerica-revela-investigacion-internacional\/\" target=\"_blank\" rel=\"noopener noreferrer\"><u>268 jornalistas nicaraguenses que se estima estarem no ex\u00edlio<\/u><\/a>.<\/p>\n<p dir=\"ltr\">\u201cNa Nicar\u00e1gua, exercer o jornalismo \u00e9 imposs\u00edvel estando dentro do pa\u00eds\u201d, disse ela. \u201cN\u00e3o existe imprensa livre na Nicar\u00e1gua. O que existe \u00e9 persegui\u00e7\u00e3o, criminaliza\u00e7\u00e3o, confisco e pris\u00e3o de jornalistas independentes.\u201d<\/p>\n<p dir=\"ltr\">Na Nicar\u00e1gua, disse ela, existe um aparato de propaganda sob o regime do casal composto pelo presidente Daniel Ortega e pela co-presidente Rosario Murillo.<\/p>\n<p dir=\"ltr\">No entanto, mesmo antes do governo\u00a0<a href=\"https:\/\/latamjournalismreview.org\/news\/press-watchdog-says-nicaragua-shut-down-61-outlets-in-sweeping-crackdown\/\" target=\"_blank\" rel=\"noopener noreferrer\"><u>come\u00e7ar a fechar e confiscar meios de comunica\u00e7\u00e3o<\/u><\/a> em abril de 2018 e\u00a0<a href=\"https:\/\/latamjournalismreview.org\/articles\/journalists-imprisoned-by-the-ortega-regime-regain-their-freedom-but-outside-their-homeland-and-with-an-uncertain-future-ahead-of-them\/\" target=\"_blank\" rel=\"noopener noreferrer\"><u>a prender jornalistas<\/u><\/a>, a liberdade de imprensa j\u00e1 estava sob ataque na Nicar\u00e1gua.<\/p>\n<p dir=\"ltr\">\u201cTamb\u00e9m n\u00e3o houve acesso a fontes oficiais desde 2007, quando Daniel Ortega voltou ao poder\u201d, disse ela. \u201cRosario Murillo anunciou que promoveria uma comunica\u00e7\u00e3o descontaminada, o que significava limitar declara\u00e7\u00f5es e coletivas de imprensa para os jornalistas.\u201d<\/p>\n<p dir=\"ltr\">Hoje, a Nicar\u00e1gua est\u00e1 ao lado da Venezuela e de Cuba como o pa\u00eds da Am\u00e9rica Latina com o maior n\u00famero de jornalistas exilados, alguns dos quais continuam seu trabalho.<\/p>\n<p>\u201cO jornalismo que existe est\u00e1 na resist\u00eancia; \u00e9, em \u00faltima inst\u00e2ncia, um ato de resist\u00eancia c\u00edvica, ao informar a uma popula\u00e7\u00e3o que tem medo, mas que precisa dessa informa\u00e7\u00e3o mais do que nunca\u201d, disse ela.<\/p>\n<p>Arauz, que tamb\u00e9m \u00e9 presidente da Associa\u00e7\u00e3o de Jornalistas de El Salvador (APES), discutiu a transforma\u00e7\u00e3o que seu pa\u00eds passou nos \u00faltimos 12 meses.<\/p>\n<p>\u201cEste ano, em El Salvador, as coisas mudaram de forma dram\u00e1tica e inesperada para muitos jornalistas do pa\u00eds\u201d, disse Arauz.<\/p>\n<p>Como ele,\u00a0<a href=\"https:\/\/rsf.org\/en\/independent-press-under-siege-el-salvador-persecution-violence-and-financial-strangulation-force\" target=\"_blank\" rel=\"noopener noreferrer\"><u>pelo menos 53 jornalistas do pa\u00eds foram for\u00e7ados ao ex\u00edlio<\/u><\/a> neste ano.<\/p>\n<p>\u201cO perfil do jornalista que est\u00e1 no ex\u00edlio \u00e9 o do profissional que precisa decidir entre duas coisas: ou permanecer em sil\u00eancio, se autocensurar, ou continuar fazendo seu trabalho sem medo de repercuss\u00f5es; e, nesse sentido, ele escolhe tentar continuar relevante como jornalista, realizando seu trabalho do exterior ou de onde puder\u201d, disse ele.<\/p>\n<p dir=\"ltr\">Os jornalistas que trabalham para cobrir o poder ou aqueles que realizam investiga\u00e7\u00f5es complexas e aprofundadas, especializados em temas como meio ambiente, g\u00eanero ou checagem de fatos, foram particularmente afetados, acrescentou.<\/p>\n<p dir=\"ltr\">Alguns foram\u00a0<a href=\"https:\/\/latamjournalismreview.org\/articles\/after-being-spied-on-el-faro-journalists-sue-pegasus-spyware-maker-in-the-united-states\/\" target=\"_blank\" rel=\"noopener noreferrer\"><u>espionados<\/u><\/a> com o software de espionagem Pegasus, e outros deixaram o pa\u00eds devido a boatos de que\u00a0<a href=\"https:\/\/latamjournalismreview.org\/articles\/el-faro-journalists-fear-arrest-after-reporting-on-bukeles-alleged-gang-ties\/\" target=\"_blank\" rel=\"noopener noreferrer\"><u>seriam presos<\/u><\/a> ap\u00f3s a publica\u00e7\u00e3o de grandes investiga\u00e7\u00f5es. Meios de comunica\u00e7\u00e3o e associa\u00e7\u00f5es de jornalistas\u00a0<a href=\"https:\/\/latamjournalismreview.org\/news\/gatoencerrado-is-latest-salvadoran-media-outlet-to-close-offices-in-country-due-to-foreign-agents-law\/\" target=\"_blank\" rel=\"noopener noreferrer\"><u>tamb\u00e9m foram obrigados<\/u><\/a> a sair.<\/p>\n<p>Os que ficaram trabalham em condi\u00e7\u00f5es prec\u00e1rias.<\/p>\n<p dir=\"ltr\">\u201cEstou falando de viver com medo, com visitas da pol\u00edcia \u00e0s suas casas, com controles que n\u00e3o existiam nos \u00faltimos 35 anos\u201d, disse Arauz. \u201cAcho que \u00e9 por isso que a academia e esse tipo de estudo contribuem muito. [Os jornalistas vivem] Uma crise geral da profiss\u00e3o e dos meios de comunica\u00e7\u00e3o que n\u00f3s n\u00e3o compreendemos completamente.\u201d<\/p>\n<p>Arauz destacou a necessidade de pesquisas sobre como os jornalistas dentro do pa\u00eds continuam a realizar seu trabalho, especialmente quando meios de comunica\u00e7\u00e3o que recebem financiamento internacional agora est\u00e3o sendo restringidos pela nova\u00a0<a href=\"https:\/\/latamjournalismreview.org\/pt-br\/news\/el-salvador-de-bukele-aprova-lei-mordaca-contra-ongs-e-imprensa-independente\/\" target=\"_blank\" rel=\"noopener noreferrer\"><u>Lei de Agentes Estrangeiros<\/u><\/a>. Outros meios \u2013 como emissoras de televis\u00e3o ou r\u00e1dio \u2013 n\u00e3o t\u00eam a op\u00e7\u00e3o de sair porque sua concess\u00e3o est\u00e1 vinculada ao pa\u00eds, disse ele.<\/p>\n<p dir=\"ltr\"><strong>Como trabalhar do ex\u00edlio<\/strong><\/p>\n<p dir=\"ltr\">Uma vez que deixam o pa\u00eds, jornalistas nicaraguenses que trabalham em ve\u00edculos digitais a partir do ex\u00edlio enfrentam baixos sal\u00e1rios e dificuldades para manter seus projetos, disse Guevara. Fazer jornalismo \u00e0 dist\u00e2ncia tamb\u00e9m \u00e9 dificultado pela \u201cpersegui\u00e7\u00e3o transnacional\u201d \u00e0 imprensa e \u00e0s fontes.<\/p>\n<p dir=\"ltr\">Um\u00a0<a href=\"https:\/\/pcinnicaragua.org\/pcin-presenta-un-diagnostico-situacional-de-periodistas-nicaraguenses\/\" target=\"_blank\" rel=\"noopener noreferrer\"><u>relat\u00f3rio recente<\/u><\/a> da Associa\u00e7\u00e3o de Jornalistas e Comunicadores Independentes (PCIN) da Nicar\u00e1gua apontou \u201cum aumento na percep\u00e7\u00e3o de inseguran\u00e7a e medo [entre os jornalistas] de serem v\u00edtimas de repress\u00e3o governamental, mesmo no ex\u00edlio.\u201d Segundo o relat\u00f3rio, isso ocorreu principalmente ap\u00f3s\u00a0<a href=\"https:\/\/www.theguardian.com\/world\/2025\/jun\/20\/roberto-samcam-killed-costa-rica-president-daniel-ortega\" target=\"_blank\" rel=\"noopener noreferrer\"><u>o assassinato, em junho, do cr\u00edtico de Ortega e oficial aposentado do ex\u00e9rcito<\/u><\/a> Roberto Samcam, na Costa Rica.<\/p>\n<p dir=\"ltr\">Para continuar trabalhando no ex\u00edlio, disse Guevara, ela primeiro d\u00e1 \u00eanfase ao rigor e aos elementos b\u00e1sicos do jornalismo, e depois busca a colabora\u00e7\u00e3o entre ve\u00edculos de comunica\u00e7\u00e3o e jornalistas, n\u00e3o apenas da Nicar\u00e1gua, mas da regi\u00e3o como um todo.<\/p>\n<p>Arauz disse que recebeu conselhos de colegas da Nicar\u00e1gua, Venezuela e Cuba sobre como praticar jornalismo a partir do ex\u00edlio e, especificamente, como sobreviver. Ele tamb\u00e9m destacou a import\u00e2ncia da colabora\u00e7\u00e3o como algo \u201cprofundamente enraizado\u201d e que deve ocorrer de forma org\u00e2nica, baseada em interesses m\u00fatuos.<\/p>\n<p dir=\"ltr\"><strong>Seguindo em frente\u00a0<\/strong><\/p>\n<p>Al\u00e9m de observar as trag\u00e9dias e desafios enfrentados pela imprensa centro-americana, Villatoro destacou as conquistas na narrativa e na investiga\u00e7\u00e3o por parte dos jornalistas da regi\u00e3o.<\/p>\n<p>\u201cEsse n\u00edvel de talento existe em Guatemala, El Salvador, Honduras e Nicar\u00e1gua\u201d, enfatizou ele.<\/p>\n<p dir=\"ltr\">Al\u00e9m disso, ele destacou associa\u00e7\u00f5es de jornalistas, como APES, PCIN, No Nos Callar\u00e1n (Guatemala) e a\u00a0<a href=\"https:\/\/periodistascentroamericanos.org\/\" target=\"_blank\" rel=\"noopener noreferrer\"><u>Rede Centro-Americana de Jornalistas<\/u><\/a>, que atuam em n\u00edvel nacional e regional para resistir e promover a solidariedade.<\/p>\n<p dir=\"ltr\">Os jornalistas e autores reunidos no webinar tamb\u00e9m abordaram outros fatores que afetam o jornalismo na regi\u00e3o e em cada pa\u00eds.<\/p>\n<p dir=\"ltr\">Eles discutiram como os meios de comunica\u00e7\u00e3o est\u00e3o, e deveriam estar, usando intelig\u00eancia artificial, assim como as poss\u00edveis amea\u00e7as que os grandes modelos de linguagem (LLMs) representam para o jornalismo.<\/p>\n<p dir=\"ltr\">Falaram sobre credibilidade e sobre como comunicar o valor do jornalismo para o p\u00fablico em contextos nos quais a desinforma\u00e7\u00e3o e as mentiras prosperam.<\/p>\n<p dir=\"ltr\">E, por fim, ofereceram conselhos sobre como colegas em pa\u00edses autorit\u00e1rios podem se preparar para o que pode vir pela frente, especialmente caso chegue o momento de deixar o pa\u00eds.<\/p>\n<p>Assista a essas discuss\u00f5es e ao webinar completo gratuitamente na\u00a0<a href=\"https:\/\/youtu.be\/oB1jLFWiZi8?si=DVFM5XTxgaex1Q7m\" target=\"_blank\" rel=\"noopener noreferrer\"><u>p\u00e1gina do Centro Knight no YouTube<\/u><\/a>.<\/p>\n<p dir=\"ltr\">\n","protected":false},"excerpt":{"rendered":"<p>Durante webinar recente, jornalistas e acad\u00eamicos do norte da Am\u00e9rica Central descrevem as amea\u00e7as e viol\u00eancias que enfrentam em seus pa\u00edses. Para alguns, isso levou ao ex\u00edlio \u2014 mas n\u00e3o \u00e0 desist\u00eancia.<\/p>\n","protected":false},"author":5,"featured_media":95017,"comment_status":"closed","ping_status":"closed","sticky":false,"template":"","format":"standard","meta":{"_acf_changed":false,"inline_featured_image":false,"footnotes":""},"categories":[120],"tags":[],"class_list":["post-95394","post","type-post","status-publish","format-standard","has-post-thumbnail","hentry","category-knight-center-news-pt-br"],"acf":[],"yoast_head":"<!-- This site is optimized with the Yoast SEO Premium plugin v24.4 (Yoast SEO v27.4) - https:\/\/yoast.com\/product\/yoast-seo-premium-wordpress\/ -->\n<title>Jornalistas da Am\u00e9rica Central discutem reportagem e resist\u00eancia em meio ao retrocesso democr\u00e1tico | Knight Center for Journalism in the Americas<\/title>\n<meta name=\"robots\" content=\"index, follow, max-snippet:-1, max-image-preview:large, max-video-preview:-1\" \/>\n<link rel=\"canonical\" href=\"https:\/\/knightcenter.utexas.edu\/pt-br\/jornalistas-da-america-central-discutem-reportagem-e-resistencia-em-meio-ao-retrocesso-democratico\/\" \/>\n<meta property=\"og:locale\" content=\"pt_BR\" \/>\n<meta property=\"og:type\" content=\"article\" \/>\n<meta property=\"og:title\" content=\"Jornalistas da Am\u00e9rica Central discutem reportagem e resist\u00eancia em meio ao retrocesso democr\u00e1tico\" \/>\n<meta property=\"og:description\" content=\"Durante webinar recente, jornalistas e acad\u00eamicos do norte da Am\u00e9rica Central descrevem as amea\u00e7as e viol\u00eancias que enfrentam em seus pa\u00edses. Para alguns, isso levou ao ex\u00edlio \u2014 mas n\u00e3o \u00e0 desist\u00eancia.\" \/>\n<meta property=\"og:url\" content=\"https:\/\/knightcenter.utexas.edu\/pt-br\/jornalistas-da-america-central-discutem-reportagem-e-resistencia-em-meio-ao-retrocesso-democratico\/\" \/>\n<meta property=\"og:site_name\" content=\"Knight Center for Journalism in the Americas\" \/>\n<meta property=\"article:published_time\" content=\"2025-12-08T19:37:59+00:00\" \/>\n<meta property=\"og:image\" content=\"https:\/\/knightcenter.utexas.edu\/wp-content\/uploads\/2025\/12\/FEATURED-Webinar.png\" \/>\n\t<meta property=\"og:image:width\" content=\"507\" \/>\n\t<meta property=\"og:image:height\" content=\"340\" \/>\n\t<meta property=\"og:image:type\" content=\"image\/png\" \/>\n<meta name=\"author\" content=\"Teresa Mioli\" \/>\n<meta name=\"twitter:card\" content=\"summary_large_image\" \/>\n<meta name=\"twitter:label1\" content=\"Written by\" \/>\n\t<meta name=\"twitter:data1\" content=\"Teresa Mioli\" \/>\n\t<meta name=\"twitter:label2\" content=\"Est. reading time\" \/>\n\t<meta name=\"twitter:data2\" content=\"6 minutos\" \/>\n<script type=\"application\/ld+json\" class=\"yoast-schema-graph\">{\"@context\":\"https:\\\/\\\/schema.org\",\"@graph\":[{\"@type\":\"Article\",\"@id\":\"https:\\\/\\\/knightcenter.utexas.edu\\\/pt-br\\\/jornalistas-da-america-central-discutem-reportagem-e-resistencia-em-meio-ao-retrocesso-democratico\\\/#article\",\"isPartOf\":{\"@id\":\"https:\\\/\\\/knightcenter.utexas.edu\\\/pt-br\\\/jornalistas-da-america-central-discutem-reportagem-e-resistencia-em-meio-ao-retrocesso-democratico\\\/\"},\"author\":{\"name\":\"Teresa Mioli\",\"@id\":\"https:\\\/\\\/knightcenter.utexas.edu\\\/pt-br\\\/#\\\/schema\\\/person\\\/adca910d846cf01ace8882535e3c3b1c\"},\"headline\":\"Jornalistas da Am\u00e9rica Central discutem reportagem e resist\u00eancia em meio ao retrocesso democr\u00e1tico\",\"datePublished\":\"2025-12-08T19:37:59+00:00\",\"mainEntityOfPage\":{\"@id\":\"https:\\\/\\\/knightcenter.utexas.edu\\\/pt-br\\\/jornalistas-da-america-central-discutem-reportagem-e-resistencia-em-meio-ao-retrocesso-democratico\\\/\"},\"wordCount\":1489,\"image\":{\"@id\":\"https:\\\/\\\/knightcenter.utexas.edu\\\/pt-br\\\/jornalistas-da-america-central-discutem-reportagem-e-resistencia-em-meio-ao-retrocesso-democratico\\\/#primaryimage\"},\"thumbnailUrl\":\"https:\\\/\\\/knightcenter.utexas.edu\\\/wp-content\\\/uploads\\\/2025\\\/12\\\/FEATURED-Webinar.png\",\"articleSection\":[\"Knight Center News\"],\"inLanguage\":\"pt-BR\"},{\"@type\":\"WebPage\",\"@id\":\"https:\\\/\\\/knightcenter.utexas.edu\\\/pt-br\\\/jornalistas-da-america-central-discutem-reportagem-e-resistencia-em-meio-ao-retrocesso-democratico\\\/\",\"url\":\"https:\\\/\\\/knightcenter.utexas.edu\\\/pt-br\\\/jornalistas-da-america-central-discutem-reportagem-e-resistencia-em-meio-ao-retrocesso-democratico\\\/\",\"name\":\"Jornalistas da Am\u00e9rica Central discutem reportagem e resist\u00eancia em meio ao retrocesso democr\u00e1tico | Knight Center for Journalism in the Americas\",\"isPartOf\":{\"@id\":\"https:\\\/\\\/knightcenter.utexas.edu\\\/pt-br\\\/#website\"},\"primaryImageOfPage\":{\"@id\":\"https:\\\/\\\/knightcenter.utexas.edu\\\/pt-br\\\/jornalistas-da-america-central-discutem-reportagem-e-resistencia-em-meio-ao-retrocesso-democratico\\\/#primaryimage\"},\"image\":{\"@id\":\"https:\\\/\\\/knightcenter.utexas.edu\\\/pt-br\\\/jornalistas-da-america-central-discutem-reportagem-e-resistencia-em-meio-ao-retrocesso-democratico\\\/#primaryimage\"},\"thumbnailUrl\":\"https:\\\/\\\/knightcenter.utexas.edu\\\/wp-content\\\/uploads\\\/2025\\\/12\\\/FEATURED-Webinar.png\",\"datePublished\":\"2025-12-08T19:37:59+00:00\",\"author\":{\"@id\":\"https:\\\/\\\/knightcenter.utexas.edu\\\/pt-br\\\/#\\\/schema\\\/person\\\/adca910d846cf01ace8882535e3c3b1c\"},\"breadcrumb\":{\"@id\":\"https:\\\/\\\/knightcenter.utexas.edu\\\/pt-br\\\/jornalistas-da-america-central-discutem-reportagem-e-resistencia-em-meio-ao-retrocesso-democratico\\\/#breadcrumb\"},\"inLanguage\":\"pt-BR\",\"potentialAction\":[{\"@type\":\"ReadAction\",\"target\":[\"https:\\\/\\\/knightcenter.utexas.edu\\\/pt-br\\\/jornalistas-da-america-central-discutem-reportagem-e-resistencia-em-meio-ao-retrocesso-democratico\\\/\"]}]},{\"@type\":\"ImageObject\",\"inLanguage\":\"pt-BR\",\"@id\":\"https:\\\/\\\/knightcenter.utexas.edu\\\/pt-br\\\/jornalistas-da-america-central-discutem-reportagem-e-resistencia-em-meio-ao-retrocesso-democratico\\\/#primaryimage\",\"url\":\"https:\\\/\\\/knightcenter.utexas.edu\\\/wp-content\\\/uploads\\\/2025\\\/12\\\/FEATURED-Webinar.png\",\"contentUrl\":\"https:\\\/\\\/knightcenter.utexas.edu\\\/wp-content\\\/uploads\\\/2025\\\/12\\\/FEATURED-Webinar.png\",\"width\":507,\"height\":340,\"caption\":\"Illustration of journalists working\"},{\"@type\":\"BreadcrumbList\",\"@id\":\"https:\\\/\\\/knightcenter.utexas.edu\\\/pt-br\\\/jornalistas-da-america-central-discutem-reportagem-e-resistencia-em-meio-ao-retrocesso-democratico\\\/#breadcrumb\",\"itemListElement\":[{\"@type\":\"ListItem\",\"position\":1,\"name\":\"Home\",\"item\":\"https:\\\/\\\/knightcenter.utexas.edu\\\/pt-br\\\/\"},{\"@type\":\"ListItem\",\"position\":2,\"name\":\"Jornalistas da Am\u00e9rica Central discutem reportagem e resist\u00eancia em meio ao retrocesso democr\u00e1tico\"}]},{\"@type\":\"WebSite\",\"@id\":\"https:\\\/\\\/knightcenter.utexas.edu\\\/pt-br\\\/#website\",\"url\":\"https:\\\/\\\/knightcenter.utexas.edu\\\/pt-br\\\/\",\"name\":\"Knight Center for Journalism in the Americas\",\"description\":\"Training, resources, and news for journalists\",\"potentialAction\":[{\"@type\":\"SearchAction\",\"target\":{\"@type\":\"EntryPoint\",\"urlTemplate\":\"https:\\\/\\\/knightcenter.utexas.edu\\\/pt-br\\\/?s={search_term_string}\"},\"query-input\":{\"@type\":\"PropertyValueSpecification\",\"valueRequired\":true,\"valueName\":\"search_term_string\"}}],\"inLanguage\":\"pt-BR\"},{\"@type\":\"Person\",\"@id\":\"https:\\\/\\\/knightcenter.utexas.edu\\\/pt-br\\\/#\\\/schema\\\/person\\\/adca910d846cf01ace8882535e3c3b1c\",\"name\":\"Teresa Mioli\",\"image\":{\"@type\":\"ImageObject\",\"inLanguage\":\"pt-BR\",\"@id\":\"https:\\\/\\\/secure.gravatar.com\\\/avatar\\\/f4d0ceaf097850db8652c68bcc255f4c7017a16afefc82235359b7d25de801c1?s=96&d=mm&r=g\",\"url\":\"https:\\\/\\\/secure.gravatar.com\\\/avatar\\\/f4d0ceaf097850db8652c68bcc255f4c7017a16afefc82235359b7d25de801c1?s=96&d=mm&r=g\",\"contentUrl\":\"https:\\\/\\\/secure.gravatar.com\\\/avatar\\\/f4d0ceaf097850db8652c68bcc255f4c7017a16afefc82235359b7d25de801c1?s=96&d=mm&r=g\",\"caption\":\"Teresa Mioli\"},\"description\":\"Teresa Mioli is the editorial manager for the Knight Center for Journalism in the Americas. She is interested in press freedom, democratization, and investigative journalism in Latin America and is dedicated to increasing awareness about the importance of independent news media to the health of democracies. She produces journalistic work with the aim of helping people to make informed decisions about their lives and societies and wants to make sure other journalists are able to do the same. She has Bachelors' degrees in Journalism and Plan II Honors (Liberal Arts) and a Master's degree in Latin American Studies, all from the University of Texas at Austin. She started her journalistic career at The Beaumont Enterprise in Southeast Texas where she last worked as a breaking news reporter. Teresa Mioli es la gerente editorial del Centro Knight para el Periodismo en las Am\u00e9ricas. Es una periodista con inter\u00e9s en la libertad de prensa, la democratizaci\u00f3n y el periodismo investigativo en Am\u00e9rica Latina y est\u00e1 dedicada a crear mayor consciencia sobre la importancia de los medios noticiosos independientes para la salud de las democracias. El objetivo de su trabajo period\u00edstico es ayudar las personas para que tomen decisiones informadas sobre sus vidas y sus sociedades, y busca que otros periodistas tengan la posibilidad de hacer lo mismo. Teresa tiene una licenciatura en Periodismo y Artes liberales (Plan II Honors), y una maestr\u00eda en Estudios Latinoamericanos, todos de la Universidad de Texas en Austin. Empez\u00f3 su carrera en periodismo en The Beaumont Enterprise al sureste de Texas, en donde recientemente trabaj\u00f3 como reportera de noticias de \u00faltima hora. Anteriormente ella fue la editora de LatAm Journalism Review del Centro Knight. Teresa Mioli \u00e9 gerente editorial do Centro Knight para o Jornalismo nas Am\u00e9ricas. Ela se interessa por liberdade de imprensa, democratiza\u00e7\u00e3o e jornalismo investigativo na Am\u00e9rica Latina e se dedica a aumentar a conscientiza\u00e7\u00e3o sobre a import\u00e2ncia da m\u00eddia independente para a sa\u00fade das democracias. Ela produz trabalhos jornal\u00edsticos com o objetivo de ajudar as pessoas a tomarem decis\u00f5es informadas sobre suas vidas e sociedades e deseja garantir que outros jornalistas possam fazer o mesmo. Ela tem bacharelado em jornalismo e artes liberais e um mestrado em Estudos Latino-Americanos, todos pela Universidade do Texas em Austin. Ela come\u00e7ou sua carreira jornal\u00edstica na The Beaumont Enterprise no sudeste do Texas, onde trabalhou pela \u00faltima vez como rep\u00f3rter de not\u00edcias de \u00faltima hora.\",\"url\":\"https:\\\/\\\/knightcenter.utexas.edu\\\/pt-br\\\/author\\\/teresa-mioli\\\/\"}]}<\/script>\n<!-- \/ Yoast SEO Premium plugin. -->","yoast_head_json":{"title":"Jornalistas da Am\u00e9rica Central discutem reportagem e resist\u00eancia em meio ao retrocesso democr\u00e1tico | Knight Center for Journalism in the Americas","robots":{"index":"index","follow":"follow","max-snippet":"max-snippet:-1","max-image-preview":"max-image-preview:large","max-video-preview":"max-video-preview:-1"},"canonical":"https:\/\/knightcenter.utexas.edu\/pt-br\/jornalistas-da-america-central-discutem-reportagem-e-resistencia-em-meio-ao-retrocesso-democratico\/","og_locale":"pt_BR","og_type":"article","og_title":"Jornalistas da Am\u00e9rica Central discutem reportagem e resist\u00eancia em meio ao retrocesso democr\u00e1tico","og_description":"Durante webinar recente, jornalistas e acad\u00eamicos do norte da Am\u00e9rica Central descrevem as amea\u00e7as e viol\u00eancias que enfrentam em seus pa\u00edses. Para alguns, isso levou ao ex\u00edlio \u2014 mas n\u00e3o \u00e0 desist\u00eancia.","og_url":"https:\/\/knightcenter.utexas.edu\/pt-br\/jornalistas-da-america-central-discutem-reportagem-e-resistencia-em-meio-ao-retrocesso-democratico\/","og_site_name":"Knight Center for Journalism in the Americas","article_published_time":"2025-12-08T19:37:59+00:00","og_image":[{"width":507,"height":340,"url":"https:\/\/knightcenter.utexas.edu\/wp-content\/uploads\/2025\/12\/FEATURED-Webinar.png","type":"image\/png"}],"author":"Teresa Mioli","twitter_card":"summary_large_image","twitter_misc":{"Written by":"Teresa Mioli","Est. reading time":"6 minutos"},"schema":{"@context":"https:\/\/schema.org","@graph":[{"@type":"Article","@id":"https:\/\/knightcenter.utexas.edu\/pt-br\/jornalistas-da-america-central-discutem-reportagem-e-resistencia-em-meio-ao-retrocesso-democratico\/#article","isPartOf":{"@id":"https:\/\/knightcenter.utexas.edu\/pt-br\/jornalistas-da-america-central-discutem-reportagem-e-resistencia-em-meio-ao-retrocesso-democratico\/"},"author":{"name":"Teresa Mioli","@id":"https:\/\/knightcenter.utexas.edu\/pt-br\/#\/schema\/person\/adca910d846cf01ace8882535e3c3b1c"},"headline":"Jornalistas da Am\u00e9rica Central discutem reportagem e resist\u00eancia em meio ao retrocesso democr\u00e1tico","datePublished":"2025-12-08T19:37:59+00:00","mainEntityOfPage":{"@id":"https:\/\/knightcenter.utexas.edu\/pt-br\/jornalistas-da-america-central-discutem-reportagem-e-resistencia-em-meio-ao-retrocesso-democratico\/"},"wordCount":1489,"image":{"@id":"https:\/\/knightcenter.utexas.edu\/pt-br\/jornalistas-da-america-central-discutem-reportagem-e-resistencia-em-meio-ao-retrocesso-democratico\/#primaryimage"},"thumbnailUrl":"https:\/\/knightcenter.utexas.edu\/wp-content\/uploads\/2025\/12\/FEATURED-Webinar.png","articleSection":["Knight Center News"],"inLanguage":"pt-BR"},{"@type":"WebPage","@id":"https:\/\/knightcenter.utexas.edu\/pt-br\/jornalistas-da-america-central-discutem-reportagem-e-resistencia-em-meio-ao-retrocesso-democratico\/","url":"https:\/\/knightcenter.utexas.edu\/pt-br\/jornalistas-da-america-central-discutem-reportagem-e-resistencia-em-meio-ao-retrocesso-democratico\/","name":"Jornalistas da Am\u00e9rica Central discutem reportagem e resist\u00eancia em meio ao retrocesso democr\u00e1tico | Knight Center for Journalism in the Americas","isPartOf":{"@id":"https:\/\/knightcenter.utexas.edu\/pt-br\/#website"},"primaryImageOfPage":{"@id":"https:\/\/knightcenter.utexas.edu\/pt-br\/jornalistas-da-america-central-discutem-reportagem-e-resistencia-em-meio-ao-retrocesso-democratico\/#primaryimage"},"image":{"@id":"https:\/\/knightcenter.utexas.edu\/pt-br\/jornalistas-da-america-central-discutem-reportagem-e-resistencia-em-meio-ao-retrocesso-democratico\/#primaryimage"},"thumbnailUrl":"https:\/\/knightcenter.utexas.edu\/wp-content\/uploads\/2025\/12\/FEATURED-Webinar.png","datePublished":"2025-12-08T19:37:59+00:00","author":{"@id":"https:\/\/knightcenter.utexas.edu\/pt-br\/#\/schema\/person\/adca910d846cf01ace8882535e3c3b1c"},"breadcrumb":{"@id":"https:\/\/knightcenter.utexas.edu\/pt-br\/jornalistas-da-america-central-discutem-reportagem-e-resistencia-em-meio-ao-retrocesso-democratico\/#breadcrumb"},"inLanguage":"pt-BR","potentialAction":[{"@type":"ReadAction","target":["https:\/\/knightcenter.utexas.edu\/pt-br\/jornalistas-da-america-central-discutem-reportagem-e-resistencia-em-meio-ao-retrocesso-democratico\/"]}]},{"@type":"ImageObject","inLanguage":"pt-BR","@id":"https:\/\/knightcenter.utexas.edu\/pt-br\/jornalistas-da-america-central-discutem-reportagem-e-resistencia-em-meio-ao-retrocesso-democratico\/#primaryimage","url":"https:\/\/knightcenter.utexas.edu\/wp-content\/uploads\/2025\/12\/FEATURED-Webinar.png","contentUrl":"https:\/\/knightcenter.utexas.edu\/wp-content\/uploads\/2025\/12\/FEATURED-Webinar.png","width":507,"height":340,"caption":"Illustration of journalists working"},{"@type":"BreadcrumbList","@id":"https:\/\/knightcenter.utexas.edu\/pt-br\/jornalistas-da-america-central-discutem-reportagem-e-resistencia-em-meio-ao-retrocesso-democratico\/#breadcrumb","itemListElement":[{"@type":"ListItem","position":1,"name":"Home","item":"https:\/\/knightcenter.utexas.edu\/pt-br\/"},{"@type":"ListItem","position":2,"name":"Jornalistas da Am\u00e9rica Central discutem reportagem e resist\u00eancia em meio ao retrocesso democr\u00e1tico"}]},{"@type":"WebSite","@id":"https:\/\/knightcenter.utexas.edu\/pt-br\/#website","url":"https:\/\/knightcenter.utexas.edu\/pt-br\/","name":"Knight Center for Journalism in the Americas","description":"Training, resources, and news for journalists","potentialAction":[{"@type":"SearchAction","target":{"@type":"EntryPoint","urlTemplate":"https:\/\/knightcenter.utexas.edu\/pt-br\/?s={search_term_string}"},"query-input":{"@type":"PropertyValueSpecification","valueRequired":true,"valueName":"search_term_string"}}],"inLanguage":"pt-BR"},{"@type":"Person","@id":"https:\/\/knightcenter.utexas.edu\/pt-br\/#\/schema\/person\/adca910d846cf01ace8882535e3c3b1c","name":"Teresa Mioli","image":{"@type":"ImageObject","inLanguage":"pt-BR","@id":"https:\/\/secure.gravatar.com\/avatar\/f4d0ceaf097850db8652c68bcc255f4c7017a16afefc82235359b7d25de801c1?s=96&d=mm&r=g","url":"https:\/\/secure.gravatar.com\/avatar\/f4d0ceaf097850db8652c68bcc255f4c7017a16afefc82235359b7d25de801c1?s=96&d=mm&r=g","contentUrl":"https:\/\/secure.gravatar.com\/avatar\/f4d0ceaf097850db8652c68bcc255f4c7017a16afefc82235359b7d25de801c1?s=96&d=mm&r=g","caption":"Teresa Mioli"},"description":"Teresa Mioli is the editorial manager for the Knight Center for Journalism in the Americas. She is interested in press freedom, democratization, and investigative journalism in Latin America and is dedicated to increasing awareness about the importance of independent news media to the health of democracies. She produces journalistic work with the aim of helping people to make informed decisions about their lives and societies and wants to make sure other journalists are able to do the same. She has Bachelors' degrees in Journalism and Plan II Honors (Liberal Arts) and a Master's degree in Latin American Studies, all from the University of Texas at Austin. She started her journalistic career at The Beaumont Enterprise in Southeast Texas where she last worked as a breaking news reporter. Teresa Mioli es la gerente editorial del Centro Knight para el Periodismo en las Am\u00e9ricas. Es una periodista con inter\u00e9s en la libertad de prensa, la democratizaci\u00f3n y el periodismo investigativo en Am\u00e9rica Latina y est\u00e1 dedicada a crear mayor consciencia sobre la importancia de los medios noticiosos independientes para la salud de las democracias. El objetivo de su trabajo period\u00edstico es ayudar las personas para que tomen decisiones informadas sobre sus vidas y sus sociedades, y busca que otros periodistas tengan la posibilidad de hacer lo mismo. Teresa tiene una licenciatura en Periodismo y Artes liberales (Plan II Honors), y una maestr\u00eda en Estudios Latinoamericanos, todos de la Universidad de Texas en Austin. Empez\u00f3 su carrera en periodismo en The Beaumont Enterprise al sureste de Texas, en donde recientemente trabaj\u00f3 como reportera de noticias de \u00faltima hora. Anteriormente ella fue la editora de LatAm Journalism Review del Centro Knight. Teresa Mioli \u00e9 gerente editorial do Centro Knight para o Jornalismo nas Am\u00e9ricas. Ela se interessa por liberdade de imprensa, democratiza\u00e7\u00e3o e jornalismo investigativo na Am\u00e9rica Latina e se dedica a aumentar a conscientiza\u00e7\u00e3o sobre a import\u00e2ncia da m\u00eddia independente para a sa\u00fade das democracias. Ela produz trabalhos jornal\u00edsticos com o objetivo de ajudar as pessoas a tomarem decis\u00f5es informadas sobre suas vidas e sociedades e deseja garantir que outros jornalistas possam fazer o mesmo. Ela tem bacharelado em jornalismo e artes liberais e um mestrado em Estudos Latino-Americanos, todos pela Universidade do Texas em Austin. Ela come\u00e7ou sua carreira jornal\u00edstica na The Beaumont Enterprise no sudeste do Texas, onde trabalhou pela \u00faltima vez como rep\u00f3rter de not\u00edcias de \u00faltima hora.","url":"https:\/\/knightcenter.utexas.edu\/pt-br\/author\/teresa-mioli\/"}]}},"_links":{"self":[{"href":"https:\/\/knightcenter.utexas.edu\/pt-br\/wp-json\/wp\/v2\/posts\/95394","targetHints":{"allow":["GET"]}}],"collection":[{"href":"https:\/\/knightcenter.utexas.edu\/pt-br\/wp-json\/wp\/v2\/posts"}],"about":[{"href":"https:\/\/knightcenter.utexas.edu\/pt-br\/wp-json\/wp\/v2\/types\/post"}],"author":[{"embeddable":true,"href":"https:\/\/knightcenter.utexas.edu\/pt-br\/wp-json\/wp\/v2\/users\/5"}],"replies":[{"embeddable":true,"href":"https:\/\/knightcenter.utexas.edu\/pt-br\/wp-json\/wp\/v2\/comments?post=95394"}],"version-history":[{"count":1,"href":"https:\/\/knightcenter.utexas.edu\/pt-br\/wp-json\/wp\/v2\/posts\/95394\/revisions"}],"predecessor-version":[{"id":95396,"href":"https:\/\/knightcenter.utexas.edu\/pt-br\/wp-json\/wp\/v2\/posts\/95394\/revisions\/95396"}],"wp:featuredmedia":[{"embeddable":true,"href":"https:\/\/knightcenter.utexas.edu\/pt-br\/wp-json\/wp\/v2\/media\/95017"}],"wp:attachment":[{"href":"https:\/\/knightcenter.utexas.edu\/pt-br\/wp-json\/wp\/v2\/media?parent=95394"}],"wp:term":[{"taxonomy":"category","embeddable":true,"href":"https:\/\/knightcenter.utexas.edu\/pt-br\/wp-json\/wp\/v2\/categories?post=95394"},{"taxonomy":"post_tag","embeddable":true,"href":"https:\/\/knightcenter.utexas.edu\/pt-br\/wp-json\/wp\/v2\/tags?post=95394"}],"curies":[{"name":"wp","href":"https:\/\/api.w.org\/{rel}","templated":true}]}}