{"id":97889,"date":"2026-01-26T09:55:26","date_gmt":"2026-01-26T15:55:26","guid":{"rendered":"https:\/\/knightcenter.utexas.edu\/?p=97889"},"modified":"2026-02-04T15:42:28","modified_gmt":"2026-02-04T21:42:28","slug":"por-dentro-do-jornalismo-latino-americano-pesquisadores-revelam-um-cenario-de-precariedade-pressao-e-resiliencia-durante-webinar-do-knight-center","status":"publish","type":"post","link":"https:\/\/knightcenter.utexas.edu\/pt-br\/por-dentro-do-jornalismo-latino-americano-pesquisadores-revelam-um-cenario-de-precariedade-pressao-e-resiliencia-durante-webinar-do-knight-center\/","title":{"rendered":"Dentro do jornalismo na Am\u00e9rica Latina: pesquisadores revelam panorama de precariedade, press\u00e3o e resili\u00eancia em webinars do Centro Knight"},"content":{"rendered":"<p dir=\"ltr\">Ao apresentar reflex\u00f5es do novo e-book\u00a0<a href=\"https:\/\/journalismcourses.org\/pt-br\/ebook\/os-mundos-do-jornalismo-seguranca-autonomia-profissional-e-resiliencia-entre-jornalistas-na-america-latina\/\"><i>Os Mundos do Jornalismo: seguran\u00e7a, autonomia profissional e resili\u00eancia entre jornalistas na Am\u00e9rica Latina<\/i><\/a>, pesquisadores tra\u00e7aram um retrato complexo \u2014 e muitas vezes preocupante \u2014 do jornalismo latino-americano durante dois webinars promovidos pelo Centro Knight para o Jornalismo nas Am\u00e9ricas: em 22 de janeiro de 2026 (em espanhol) e em 3 de fevereiro de 2026 (em ingl\u00eas).<\/p>\n<p dir=\"ltr\">Cerca de 350 pessoas se inscreveram para participar do webinar em espanhol, <a href=\"https:\/\/www.youtube.com\/watch?si=E6tqxyMJUI-UBYSo&amp;v=Z50zIvt10vQ&amp;feature=youtu.be\">atualmente dispon\u00edvel online<\/a>. A sess\u00e3o contou com a participa\u00e7\u00e3o dos pesquisadores Adriana Amado, da Universidad Camilo Jos\u00e9 Cela, na Argentina; Armando Guti\u00e9rrez Ortega, da Universidad Aut\u00f3noma de Baja California, no M\u00e9xico; Mart\u00edn Oller Alonso, da University of Salamanca, na Espanha; Celeste Gonz\u00e1lez de Bustamante, da Universidade do Texas em Austin; Jes\u00fas Arroyave, da Universidad del Norte, em Barranquilla, Col\u00f4mbia; e William Porath, da Pontificia Universidad Cat\u00f3lica no Chile.<\/p>\n<p dir=\"ltr\">O webinar em ingl\u00eas, com 515 inscritos, <a href=\"https:\/\/www.youtube.com\/watch?si=pfdFDb-gWPU3QgJy&amp;v=rZwt_MZfObo&amp;feature=youtu.be\">tamb\u00e9m est\u00e1 dispon\u00edvel online<\/a> e contou com os pesquisadores Carlos Arcila Calder\u00f3n, da Universidad de Salamanca; Lourdes Cueva Chac\u00f3n, da San Diego State University; Summer Harlow, da Universidade do Texas em Austin; Janara Nicoletti, da University of Siegen; e Mireya M\u00e1rquez Ram\u00edrez, da Universidad Iberoamericana na Cidade do M\u00e9xico.<\/p>\n<p dir=\"ltr\">Moderadas por Summer Harlow, diretora associada do Centro Knight, e Celeste Gonz\u00e1lez de Bustamante, diretora fundadora do Centro para a Mudan\u00e7a Global e os Meios de Comunica\u00e7\u00e3o, as sess\u00f5es ofereceram uma an\u00e1lise aprofundada de como jornalistas enfrentam a precariza\u00e7\u00e3o do trabalho e a inseguran\u00e7a f\u00edsica e mental, mantendo seu compromisso com a verdade e com o interesse p\u00fablico.<\/p>\n<p dir=\"ltr\">Embora cada pesquisador tenha apresentado um contexto nacional espec\u00edfico, diversos temas se repetiram em toda a regi\u00e3o:<\/p>\n<ul>\n<li class=\"ck-list-marker-font-size ck-list-marker-color ck-list-marker-font-family\" dir=\"ltr\" aria-level=\"1\">A precariza\u00e7\u00e3o \u00e9 generalizada; jornalistas frequentemente trabalham em v\u00e1rios empregos para sobreviver.<\/li>\n<li class=\"ck-list-marker-font-size ck-list-marker-color ck-list-marker-font-family\" dir=\"ltr\" aria-level=\"1\">A autonomia existe, mas est\u00e1 sob press\u00e3o e, muitas vezes, limitada pelo medo, pela falta de acesso \u00e0 informa\u00e7\u00e3o e por amea\u00e7as pol\u00edticas ou criminosas.<\/li>\n<li class=\"ck-list-marker-font-size ck-list-marker-color ck-list-marker-font-family\" dir=\"ltr\" aria-level=\"1\">O discurso de \u00f3dio e os ataques est\u00e3o em ascens\u00e3o, at\u00e9 mesmo em pa\u00edses antes considerados seguros.<\/li>\n<li class=\"ck-list-marker-font-size ck-list-marker-color ck-list-marker-font-family\" dir=\"ltr\" aria-level=\"1\">Jornalistas que atuam fora das capitais s\u00e3o os mais vulner\u00e1veis, enfrentando isolamento e controle estatal ou criminoso.<\/li>\n<li class=\"ck-list-marker-font-size ck-list-marker-color ck-list-marker-font-family\" dir=\"ltr\" aria-level=\"1\">Meios digitais, alternativos e independentes est\u00e3o crescendo, muitas vezes funcionando como espa\u00e7os de maior liberdade, por\u00e9m com baixa remunera\u00e7\u00e3o.<\/li>\n<li class=\"ck-list-marker-font-size ck-list-marker-color ck-list-marker-font-family\" dir=\"ltr\" aria-level=\"1\">Apesar de tudo, jornalistas demonstram resili\u00eancia e um forte compromisso com seus pap\u00e9is democr\u00e1ticos.<\/li>\n<\/ul>\n<p dir=\"ltr\">Saiba mais sobre o <a href=\"https:\/\/journalismcourses.org\/pt-br\/ebook\/os-mundos-do-jornalismo-seguranca-autonomia-profissional-e-resiliencia-entre-jornalistas-na-america-latina\/\">e-book<\/a> e suas descobertas, com base no projeto <a href=\"https:\/\/www.worldsofjournalism.org\/\">Worlds of Journalism Study, <\/a><a href=\"https:\/\/knightcenter.utexas.edu\/pt-br\/centro-knight-publica-ebook-trilingue-com-base-em-pesquisas-com-4-mil-jornalistas-de-11-paises-da-america-latina\/\">aqui<\/a>. Dispon\u00edvel em ingl\u00eas, espanhol e portugu\u00eas, o e-book gratuito j\u00e1 foi baixado quase 1.700 vezes desde o lan\u00e7amento em 14 de janeiro de 2026.<\/p>\n","protected":false},"excerpt":{"rendered":"<p>Pesquisadores tra\u00e7aram um retrato complexo, e frequentemente preocupante, do jornalismo na Am\u00e9rica Latina durante webinars promovidos pelo Centro Knight.<\/p>\n","protected":false},"author":4,"featured_media":98087,"comment_status":"closed","ping_status":"closed","sticky":false,"template":"","format":"standard","meta":{"_acf_changed":false,"inline_featured_image":false,"footnotes":""},"categories":[120],"tags":[],"class_list":["post-97889","post","type-post","status-publish","format-standard","has-post-thumbnail","hentry","category-knight-center-news-pt-br"],"acf":[],"yoast_head":"<!-- This site is optimized with the Yoast SEO Premium plugin v24.4 (Yoast SEO v27.4) - https:\/\/yoast.com\/product\/yoast-seo-premium-wordpress\/ -->\n<title>Dentro do jornalismo na Am\u00e9rica Latina: pesquisadores revelam panorama de precariedade, press\u00e3o e resili\u00eancia em webinars do Centro Knight | Knight Center for Journalism in the Americas<\/title>\n<meta name=\"robots\" content=\"index, follow, max-snippet:-1, max-image-preview:large, max-video-preview:-1\" \/>\n<link rel=\"canonical\" href=\"https:\/\/knightcenter.utexas.edu\/pt-br\/por-dentro-do-jornalismo-latino-americano-pesquisadores-revelam-um-cenario-de-precariedade-pressao-e-resiliencia-durante-webinar-do-knight-center\/\" \/>\n<meta property=\"og:locale\" content=\"pt_BR\" \/>\n<meta property=\"og:type\" content=\"article\" \/>\n<meta property=\"og:title\" content=\"Dentro do jornalismo na Am\u00e9rica Latina: pesquisadores revelam panorama de precariedade, press\u00e3o e resili\u00eancia em webinars do Centro Knight\" \/>\n<meta property=\"og:description\" content=\"Pesquisadores tra\u00e7aram um retrato complexo, e frequentemente preocupante, do jornalismo na Am\u00e9rica Latina durante webinars promovidos pelo Centro Knight.\" \/>\n<meta property=\"og:url\" content=\"https:\/\/knightcenter.utexas.edu\/pt-br\/por-dentro-do-jornalismo-latino-americano-pesquisadores-revelam-um-cenario-de-precariedade-pressao-e-resiliencia-durante-webinar-do-knight-center\/\" \/>\n<meta property=\"og:site_name\" content=\"Knight Center for Journalism in the Americas\" \/>\n<meta property=\"article:published_time\" content=\"2026-01-26T15:55:26+00:00\" \/>\n<meta property=\"article:modified_time\" content=\"2026-02-04T21:42:28+00:00\" \/>\n<meta property=\"og:image\" content=\"https:\/\/live-knightcenter.pantheonsite.io\/wp-content\/uploads\/2026\/01\/FEATURED-images-template-2.png\" \/>\n\t<meta property=\"og:image:width\" content=\"507\" \/>\n\t<meta property=\"og:image:height\" content=\"340\" \/>\n\t<meta property=\"og:image:type\" content=\"image\/png\" \/>\n<meta name=\"author\" content=\"Knight Center\" \/>\n<meta name=\"twitter:card\" content=\"summary_large_image\" \/>\n<meta name=\"twitter:label1\" content=\"Written by\" \/>\n\t<meta name=\"twitter:data1\" content=\"Knight Center\" \/>\n\t<meta name=\"twitter:label2\" content=\"Est. reading time\" \/>\n\t<meta name=\"twitter:data2\" content=\"3 minutos\" \/>\n<script type=\"application\/ld+json\" class=\"yoast-schema-graph\">{\"@context\":\"https:\\\/\\\/schema.org\",\"@graph\":[{\"@type\":\"Article\",\"@id\":\"https:\\\/\\\/knightcenter.utexas.edu\\\/pt-br\\\/por-dentro-do-jornalismo-latino-americano-pesquisadores-revelam-um-cenario-de-precariedade-pressao-e-resiliencia-durante-webinar-do-knight-center\\\/#article\",\"isPartOf\":{\"@id\":\"https:\\\/\\\/knightcenter.utexas.edu\\\/pt-br\\\/por-dentro-do-jornalismo-latino-americano-pesquisadores-revelam-um-cenario-de-precariedade-pressao-e-resiliencia-durante-webinar-do-knight-center\\\/\"},\"author\":{\"name\":\"Knight Center\",\"@id\":\"https:\\\/\\\/knightcenter.utexas.edu\\\/pt-br\\\/#\\\/schema\\\/person\\\/4ecf3a91eb0181d650f86ecbdf9b71a2\"},\"headline\":\"Dentro do jornalismo na Am\u00e9rica Latina: pesquisadores revelam panorama de precariedade, press\u00e3o e resili\u00eancia em webinars do Centro Knight\",\"datePublished\":\"2026-01-26T15:55:26+00:00\",\"dateModified\":\"2026-02-04T21:42:28+00:00\",\"mainEntityOfPage\":{\"@id\":\"https:\\\/\\\/knightcenter.utexas.edu\\\/pt-br\\\/por-dentro-do-jornalismo-latino-americano-pesquisadores-revelam-um-cenario-de-precariedade-pressao-e-resiliencia-durante-webinar-do-knight-center\\\/\"},\"wordCount\":487,\"image\":{\"@id\":\"https:\\\/\\\/knightcenter.utexas.edu\\\/pt-br\\\/por-dentro-do-jornalismo-latino-americano-pesquisadores-revelam-um-cenario-de-precariedade-pressao-e-resiliencia-durante-webinar-do-knight-center\\\/#primaryimage\"},\"thumbnailUrl\":\"https:\\\/\\\/knightcenter.utexas.edu\\\/wp-content\\\/uploads\\\/2026\\\/01\\\/FEATURED-images-template-2.png\",\"articleSection\":[\"Knight Center News\"],\"inLanguage\":\"pt-BR\"},{\"@type\":\"WebPage\",\"@id\":\"https:\\\/\\\/knightcenter.utexas.edu\\\/pt-br\\\/por-dentro-do-jornalismo-latino-americano-pesquisadores-revelam-um-cenario-de-precariedade-pressao-e-resiliencia-durante-webinar-do-knight-center\\\/\",\"url\":\"https:\\\/\\\/knightcenter.utexas.edu\\\/pt-br\\\/por-dentro-do-jornalismo-latino-americano-pesquisadores-revelam-um-cenario-de-precariedade-pressao-e-resiliencia-durante-webinar-do-knight-center\\\/\",\"name\":\"Dentro do jornalismo na Am\u00e9rica Latina: pesquisadores revelam panorama de precariedade, press\u00e3o e resili\u00eancia em webinars do Centro Knight | Knight Center for Journalism in the Americas\",\"isPartOf\":{\"@id\":\"https:\\\/\\\/knightcenter.utexas.edu\\\/pt-br\\\/#website\"},\"primaryImageOfPage\":{\"@id\":\"https:\\\/\\\/knightcenter.utexas.edu\\\/pt-br\\\/por-dentro-do-jornalismo-latino-americano-pesquisadores-revelam-um-cenario-de-precariedade-pressao-e-resiliencia-durante-webinar-do-knight-center\\\/#primaryimage\"},\"image\":{\"@id\":\"https:\\\/\\\/knightcenter.utexas.edu\\\/pt-br\\\/por-dentro-do-jornalismo-latino-americano-pesquisadores-revelam-um-cenario-de-precariedade-pressao-e-resiliencia-durante-webinar-do-knight-center\\\/#primaryimage\"},\"thumbnailUrl\":\"https:\\\/\\\/knightcenter.utexas.edu\\\/wp-content\\\/uploads\\\/2026\\\/01\\\/FEATURED-images-template-2.png\",\"datePublished\":\"2026-01-26T15:55:26+00:00\",\"dateModified\":\"2026-02-04T21:42:28+00:00\",\"author\":{\"@id\":\"https:\\\/\\\/knightcenter.utexas.edu\\\/pt-br\\\/#\\\/schema\\\/person\\\/4ecf3a91eb0181d650f86ecbdf9b71a2\"},\"breadcrumb\":{\"@id\":\"https:\\\/\\\/knightcenter.utexas.edu\\\/pt-br\\\/por-dentro-do-jornalismo-latino-americano-pesquisadores-revelam-um-cenario-de-precariedade-pressao-e-resiliencia-durante-webinar-do-knight-center\\\/#breadcrumb\"},\"inLanguage\":\"pt-BR\",\"potentialAction\":[{\"@type\":\"ReadAction\",\"target\":[\"https:\\\/\\\/knightcenter.utexas.edu\\\/pt-br\\\/por-dentro-do-jornalismo-latino-americano-pesquisadores-revelam-um-cenario-de-precariedade-pressao-e-resiliencia-durante-webinar-do-knight-center\\\/\"]}]},{\"@type\":\"ImageObject\",\"inLanguage\":\"pt-BR\",\"@id\":\"https:\\\/\\\/knightcenter.utexas.edu\\\/pt-br\\\/por-dentro-do-jornalismo-latino-americano-pesquisadores-revelam-um-cenario-de-precariedade-pressao-e-resiliencia-durante-webinar-do-knight-center\\\/#primaryimage\",\"url\":\"https:\\\/\\\/knightcenter.utexas.edu\\\/wp-content\\\/uploads\\\/2026\\\/01\\\/FEATURED-images-template-2.png\",\"contentUrl\":\"https:\\\/\\\/knightcenter.utexas.edu\\\/wp-content\\\/uploads\\\/2026\\\/01\\\/FEATURED-images-template-2.png\",\"width\":507,\"height\":340,\"caption\":\"People on a screen\"},{\"@type\":\"BreadcrumbList\",\"@id\":\"https:\\\/\\\/knightcenter.utexas.edu\\\/pt-br\\\/por-dentro-do-jornalismo-latino-americano-pesquisadores-revelam-um-cenario-de-precariedade-pressao-e-resiliencia-durante-webinar-do-knight-center\\\/#breadcrumb\",\"itemListElement\":[{\"@type\":\"ListItem\",\"position\":1,\"name\":\"Home\",\"item\":\"https:\\\/\\\/knightcenter.utexas.edu\\\/pt-br\\\/\"},{\"@type\":\"ListItem\",\"position\":2,\"name\":\"Dentro do jornalismo na Am\u00e9rica Latina: pesquisadores revelam panorama de precariedade, press\u00e3o e resili\u00eancia em webinars do Centro Knight\"}]},{\"@type\":\"WebSite\",\"@id\":\"https:\\\/\\\/knightcenter.utexas.edu\\\/pt-br\\\/#website\",\"url\":\"https:\\\/\\\/knightcenter.utexas.edu\\\/pt-br\\\/\",\"name\":\"Knight Center for Journalism in the Americas\",\"description\":\"Training, resources, and news for journalists\",\"potentialAction\":[{\"@type\":\"SearchAction\",\"target\":{\"@type\":\"EntryPoint\",\"urlTemplate\":\"https:\\\/\\\/knightcenter.utexas.edu\\\/pt-br\\\/?s={search_term_string}\"},\"query-input\":{\"@type\":\"PropertyValueSpecification\",\"valueRequired\":true,\"valueName\":\"search_term_string\"}}],\"inLanguage\":\"pt-BR\"},{\"@type\":\"Person\",\"@id\":\"https:\\\/\\\/knightcenter.utexas.edu\\\/pt-br\\\/#\\\/schema\\\/person\\\/4ecf3a91eb0181d650f86ecbdf9b71a2\",\"name\":\"Knight Center\",\"image\":{\"@type\":\"ImageObject\",\"inLanguage\":\"pt-BR\",\"@id\":\"https:\\\/\\\/secure.gravatar.com\\\/avatar\\\/fdaea74cce0547587c4908a6ea4f35a5af7f00faa759ca6c638416eb843b4c8d?s=96&d=mm&r=g\",\"url\":\"https:\\\/\\\/secure.gravatar.com\\\/avatar\\\/fdaea74cce0547587c4908a6ea4f35a5af7f00faa759ca6c638416eb843b4c8d?s=96&d=mm&r=g\",\"contentUrl\":\"https:\\\/\\\/secure.gravatar.com\\\/avatar\\\/fdaea74cce0547587c4908a6ea4f35a5af7f00faa759ca6c638416eb843b4c8d?s=96&d=mm&r=g\",\"caption\":\"Knight Center\"},\"url\":\"https:\\\/\\\/knightcenter.utexas.edu\\\/pt-br\\\/author\\\/knightadmin\\\/\"}]}<\/script>\n<!-- \/ Yoast SEO Premium plugin. -->","yoast_head_json":{"title":"Dentro do jornalismo na Am\u00e9rica Latina: pesquisadores revelam panorama de precariedade, press\u00e3o e resili\u00eancia em webinars do Centro Knight | Knight Center for Journalism in the Americas","robots":{"index":"index","follow":"follow","max-snippet":"max-snippet:-1","max-image-preview":"max-image-preview:large","max-video-preview":"max-video-preview:-1"},"canonical":"https:\/\/knightcenter.utexas.edu\/pt-br\/por-dentro-do-jornalismo-latino-americano-pesquisadores-revelam-um-cenario-de-precariedade-pressao-e-resiliencia-durante-webinar-do-knight-center\/","og_locale":"pt_BR","og_type":"article","og_title":"Dentro do jornalismo na Am\u00e9rica Latina: pesquisadores revelam panorama de precariedade, press\u00e3o e resili\u00eancia em webinars do Centro Knight","og_description":"Pesquisadores tra\u00e7aram um retrato complexo, e frequentemente preocupante, do jornalismo na Am\u00e9rica Latina durante webinars promovidos pelo Centro Knight.","og_url":"https:\/\/knightcenter.utexas.edu\/pt-br\/por-dentro-do-jornalismo-latino-americano-pesquisadores-revelam-um-cenario-de-precariedade-pressao-e-resiliencia-durante-webinar-do-knight-center\/","og_site_name":"Knight Center for Journalism in the Americas","article_published_time":"2026-01-26T15:55:26+00:00","article_modified_time":"2026-02-04T21:42:28+00:00","og_image":[{"width":507,"height":340,"url":"https:\/\/live-knightcenter.pantheonsite.io\/wp-content\/uploads\/2026\/01\/FEATURED-images-template-2.png","type":"image\/png"}],"author":"Knight Center","twitter_card":"summary_large_image","twitter_misc":{"Written by":"Knight Center","Est. reading time":"3 minutos"},"schema":{"@context":"https:\/\/schema.org","@graph":[{"@type":"Article","@id":"https:\/\/knightcenter.utexas.edu\/pt-br\/por-dentro-do-jornalismo-latino-americano-pesquisadores-revelam-um-cenario-de-precariedade-pressao-e-resiliencia-durante-webinar-do-knight-center\/#article","isPartOf":{"@id":"https:\/\/knightcenter.utexas.edu\/pt-br\/por-dentro-do-jornalismo-latino-americano-pesquisadores-revelam-um-cenario-de-precariedade-pressao-e-resiliencia-durante-webinar-do-knight-center\/"},"author":{"name":"Knight Center","@id":"https:\/\/knightcenter.utexas.edu\/pt-br\/#\/schema\/person\/4ecf3a91eb0181d650f86ecbdf9b71a2"},"headline":"Dentro do jornalismo na Am\u00e9rica Latina: pesquisadores revelam panorama de precariedade, press\u00e3o e resili\u00eancia em webinars do Centro Knight","datePublished":"2026-01-26T15:55:26+00:00","dateModified":"2026-02-04T21:42:28+00:00","mainEntityOfPage":{"@id":"https:\/\/knightcenter.utexas.edu\/pt-br\/por-dentro-do-jornalismo-latino-americano-pesquisadores-revelam-um-cenario-de-precariedade-pressao-e-resiliencia-durante-webinar-do-knight-center\/"},"wordCount":487,"image":{"@id":"https:\/\/knightcenter.utexas.edu\/pt-br\/por-dentro-do-jornalismo-latino-americano-pesquisadores-revelam-um-cenario-de-precariedade-pressao-e-resiliencia-durante-webinar-do-knight-center\/#primaryimage"},"thumbnailUrl":"https:\/\/knightcenter.utexas.edu\/wp-content\/uploads\/2026\/01\/FEATURED-images-template-2.png","articleSection":["Knight Center News"],"inLanguage":"pt-BR"},{"@type":"WebPage","@id":"https:\/\/knightcenter.utexas.edu\/pt-br\/por-dentro-do-jornalismo-latino-americano-pesquisadores-revelam-um-cenario-de-precariedade-pressao-e-resiliencia-durante-webinar-do-knight-center\/","url":"https:\/\/knightcenter.utexas.edu\/pt-br\/por-dentro-do-jornalismo-latino-americano-pesquisadores-revelam-um-cenario-de-precariedade-pressao-e-resiliencia-durante-webinar-do-knight-center\/","name":"Dentro do jornalismo na Am\u00e9rica Latina: pesquisadores revelam panorama de precariedade, press\u00e3o e resili\u00eancia em webinars do Centro Knight | Knight Center for Journalism in the Americas","isPartOf":{"@id":"https:\/\/knightcenter.utexas.edu\/pt-br\/#website"},"primaryImageOfPage":{"@id":"https:\/\/knightcenter.utexas.edu\/pt-br\/por-dentro-do-jornalismo-latino-americano-pesquisadores-revelam-um-cenario-de-precariedade-pressao-e-resiliencia-durante-webinar-do-knight-center\/#primaryimage"},"image":{"@id":"https:\/\/knightcenter.utexas.edu\/pt-br\/por-dentro-do-jornalismo-latino-americano-pesquisadores-revelam-um-cenario-de-precariedade-pressao-e-resiliencia-durante-webinar-do-knight-center\/#primaryimage"},"thumbnailUrl":"https:\/\/knightcenter.utexas.edu\/wp-content\/uploads\/2026\/01\/FEATURED-images-template-2.png","datePublished":"2026-01-26T15:55:26+00:00","dateModified":"2026-02-04T21:42:28+00:00","author":{"@id":"https:\/\/knightcenter.utexas.edu\/pt-br\/#\/schema\/person\/4ecf3a91eb0181d650f86ecbdf9b71a2"},"breadcrumb":{"@id":"https:\/\/knightcenter.utexas.edu\/pt-br\/por-dentro-do-jornalismo-latino-americano-pesquisadores-revelam-um-cenario-de-precariedade-pressao-e-resiliencia-durante-webinar-do-knight-center\/#breadcrumb"},"inLanguage":"pt-BR","potentialAction":[{"@type":"ReadAction","target":["https:\/\/knightcenter.utexas.edu\/pt-br\/por-dentro-do-jornalismo-latino-americano-pesquisadores-revelam-um-cenario-de-precariedade-pressao-e-resiliencia-durante-webinar-do-knight-center\/"]}]},{"@type":"ImageObject","inLanguage":"pt-BR","@id":"https:\/\/knightcenter.utexas.edu\/pt-br\/por-dentro-do-jornalismo-latino-americano-pesquisadores-revelam-um-cenario-de-precariedade-pressao-e-resiliencia-durante-webinar-do-knight-center\/#primaryimage","url":"https:\/\/knightcenter.utexas.edu\/wp-content\/uploads\/2026\/01\/FEATURED-images-template-2.png","contentUrl":"https:\/\/knightcenter.utexas.edu\/wp-content\/uploads\/2026\/01\/FEATURED-images-template-2.png","width":507,"height":340,"caption":"People on a screen"},{"@type":"BreadcrumbList","@id":"https:\/\/knightcenter.utexas.edu\/pt-br\/por-dentro-do-jornalismo-latino-americano-pesquisadores-revelam-um-cenario-de-precariedade-pressao-e-resiliencia-durante-webinar-do-knight-center\/#breadcrumb","itemListElement":[{"@type":"ListItem","position":1,"name":"Home","item":"https:\/\/knightcenter.utexas.edu\/pt-br\/"},{"@type":"ListItem","position":2,"name":"Dentro do jornalismo na Am\u00e9rica Latina: pesquisadores revelam panorama de precariedade, press\u00e3o e resili\u00eancia em webinars do Centro Knight"}]},{"@type":"WebSite","@id":"https:\/\/knightcenter.utexas.edu\/pt-br\/#website","url":"https:\/\/knightcenter.utexas.edu\/pt-br\/","name":"Knight Center for Journalism in the Americas","description":"Training, resources, and news for journalists","potentialAction":[{"@type":"SearchAction","target":{"@type":"EntryPoint","urlTemplate":"https:\/\/knightcenter.utexas.edu\/pt-br\/?s={search_term_string}"},"query-input":{"@type":"PropertyValueSpecification","valueRequired":true,"valueName":"search_term_string"}}],"inLanguage":"pt-BR"},{"@type":"Person","@id":"https:\/\/knightcenter.utexas.edu\/pt-br\/#\/schema\/person\/4ecf3a91eb0181d650f86ecbdf9b71a2","name":"Knight Center","image":{"@type":"ImageObject","inLanguage":"pt-BR","@id":"https:\/\/secure.gravatar.com\/avatar\/fdaea74cce0547587c4908a6ea4f35a5af7f00faa759ca6c638416eb843b4c8d?s=96&d=mm&r=g","url":"https:\/\/secure.gravatar.com\/avatar\/fdaea74cce0547587c4908a6ea4f35a5af7f00faa759ca6c638416eb843b4c8d?s=96&d=mm&r=g","contentUrl":"https:\/\/secure.gravatar.com\/avatar\/fdaea74cce0547587c4908a6ea4f35a5af7f00faa759ca6c638416eb843b4c8d?s=96&d=mm&r=g","caption":"Knight Center"},"url":"https:\/\/knightcenter.utexas.edu\/pt-br\/author\/knightadmin\/"}]}},"_links":{"self":[{"href":"https:\/\/knightcenter.utexas.edu\/pt-br\/wp-json\/wp\/v2\/posts\/97889","targetHints":{"allow":["GET"]}}],"collection":[{"href":"https:\/\/knightcenter.utexas.edu\/pt-br\/wp-json\/wp\/v2\/posts"}],"about":[{"href":"https:\/\/knightcenter.utexas.edu\/pt-br\/wp-json\/wp\/v2\/types\/post"}],"author":[{"embeddable":true,"href":"https:\/\/knightcenter.utexas.edu\/pt-br\/wp-json\/wp\/v2\/users\/4"}],"replies":[{"embeddable":true,"href":"https:\/\/knightcenter.utexas.edu\/pt-br\/wp-json\/wp\/v2\/comments?post=97889"}],"version-history":[{"count":3,"href":"https:\/\/knightcenter.utexas.edu\/pt-br\/wp-json\/wp\/v2\/posts\/97889\/revisions"}],"predecessor-version":[{"id":98090,"href":"https:\/\/knightcenter.utexas.edu\/pt-br\/wp-json\/wp\/v2\/posts\/97889\/revisions\/98090"}],"wp:featuredmedia":[{"embeddable":true,"href":"https:\/\/knightcenter.utexas.edu\/pt-br\/wp-json\/wp\/v2\/media\/98087"}],"wp:attachment":[{"href":"https:\/\/knightcenter.utexas.edu\/pt-br\/wp-json\/wp\/v2\/media?parent=97889"}],"wp:term":[{"taxonomy":"category","embeddable":true,"href":"https:\/\/knightcenter.utexas.edu\/pt-br\/wp-json\/wp\/v2\/categories?post=97889"},{"taxonomy":"post_tag","embeddable":true,"href":"https:\/\/knightcenter.utexas.edu\/pt-br\/wp-json\/wp\/v2\/tags?post=97889"}],"curies":[{"name":"wp","href":"https:\/\/api.w.org\/{rel}","templated":true}]}}